{"id":2447,"date":"2019-03-27T17:22:55","date_gmt":"2019-03-27T17:22:55","guid":{"rendered":"http:\/\/www.cudecoop.coop\/cudecoop\/?p=2447"},"modified":"2019-03-27T19:42:23","modified_gmt":"2019-03-27T19:42:23","slug":"nuestra-presidenta-trabaja-en-la-planificacion-de-la-nueva-decada-cooperativa-en-italia","status":"publish","type":"post","link":"http:\/\/www.cudecoop.coop\/cudecoop\/nuestra-presidenta-trabaja-en-la-planificacion-de-la-nueva-decada-cooperativa-en-italia\/","title":{"rendered":"Nuestra Presidenta trabaja en la planificaci\u00f3n de la nueva d\u00e9cada cooperativa en Italia"},"content":{"rendered":"<div dir=\"ltr\">\n<p><br clear=\"all\">Graciela Fern\u00e1ndez, en su rol de Vicepresidenta de la Alianza Cooperativa Internacional, participa actualmente del primer Consejo Mundial de la Alianza Cooperativa Internacional, que se lleva a cabo en la Ciudad de Matera en Italia.<\/p>\n<p>Uno de los componentes de trabajo para este Consejo es profundizar y terminar de definir el plan estrat\u00e9gico de cara a una nueva d\u00e9cada cooperativa 2020 &#8211; 2030. El mismo ser\u00e1 finalmente aprobado en la Conferencia y Asamblea Mundial que se celebrar\u00e1 en Rwanda, \u00c1frica, del 14 al 17 de octubre de este a\u00f1o.<\/p>\n<p>La integraci\u00f3n del Consejo Mundial de la Alianza Cooperativa Internacional est\u00e1 conformada por 15 pa\u00edses electos en la Asamblea General, adem\u00e1s las presidencias de las regiones como es el caso de la participaci\u00f3n de nuestra compa\u00f1era por Cooperativas de las Am\u00e9ricas, y cuatro representantes de las ocho organizaciones sectoriales mundiales, adem\u00e1s la presidenta del Comit\u00e9 de G\u00e9nero mundial y la de Juventud mundial.<\/p>\n<\/div>\n<p>&nbsp;<\/p>\n<p>&nbsp;<\/p>\n<p>&nbsp;<\/p>\n","protected":false},"excerpt":{"rendered":"<p><br clear=\"all\">Graciela Fern\u00e1ndez, en su rol de Vicepresidenta de la Alianza Cooperativa Internacional, participa actualmente del primer Consejo Mundial de la Alianza Cooperativa Internacional, que se lleva a cabo en la Ciudad de Matera en Italia. Uno de los componentes de trabajo para este Consejo es profundizar y terminar de definir el plan estrat\u00e9gico de cara a una nueva d\u00e9cada cooperativa 2020 &#8211; 2030. El mismo ser\u00e1 finalmente aprobado en la Conferencia y Asamblea Mundial que se celebrar\u00e1 en Rwanda, \u00c1frica, del 14 al 17 de octubre de este a\u00f1o. La integraci\u00f3n del Consejo Mundial de la Alianza Cooperativa Internacional [&#8230;]<\/p>\n","protected":false},"author":27,"featured_media":2452,"comment_status":"open","ping_status":"open","sticky":false,"template":"","format":"standard","meta":{"_acf_changed":false,"ngg_post_thumbnail":0,"footnotes":""},"categories":[7,6,1],"tags":[],"class_list":["post-2447","post","type-post","status-publish","format-standard","has-post-thumbnail","hentry","category-cooperativas","category-institucionales","category-noticias"],"acf":[],"_links":{"self":[{"href":"http:\/\/www.cudecoop.coop\/cudecoop\/wp-json\/wp\/v2\/posts\/2447","targetHints":{"allow":["GET"]}}],"collection":[{"href":"http:\/\/www.cudecoop.coop\/cudecoop\/wp-json\/wp\/v2\/posts"}],"about":[{"href":"http:\/\/www.cudecoop.coop\/cudecoop\/wp-json\/wp\/v2\/types\/post"}],"author":[{"embeddable":true,"href":"http:\/\/www.cudecoop.coop\/cudecoop\/wp-json\/wp\/v2\/users\/27"}],"replies":[{"embeddable":true,"href":"http:\/\/www.cudecoop.coop\/cudecoop\/wp-json\/wp\/v2\/comments?post=2447"}],"version-history":[{"count":5,"href":"http:\/\/www.cudecoop.coop\/cudecoop\/wp-json\/wp\/v2\/posts\/2447\/revisions"}],"predecessor-version":[{"id":2454,"href":"http:\/\/www.cudecoop.coop\/cudecoop\/wp-json\/wp\/v2\/posts\/2447\/revisions\/2454"}],"wp:featuredmedia":[{"embeddable":true,"href":"http:\/\/www.cudecoop.coop\/cudecoop\/wp-json\/wp\/v2\/media\/2452"}],"wp:attachment":[{"href":"http:\/\/www.cudecoop.coop\/cudecoop\/wp-json\/wp\/v2\/media?parent=2447"}],"wp:term":[{"taxonomy":"category","embeddable":true,"href":"http:\/\/www.cudecoop.coop\/cudecoop\/wp-json\/wp\/v2\/categories?post=2447"},{"taxonomy":"post_tag","embeddable":true,"href":"http:\/\/www.cudecoop.coop\/cudecoop\/wp-json\/wp\/v2\/tags?post=2447"}],"curies":[{"name":"wp","href":"https:\/\/api.w.org\/{rel}","templated":true}]}}