{"id":2441,"date":"2019-03-25T19:50:28","date_gmt":"2019-03-25T19:50:28","guid":{"rendered":"http:\/\/www.cudecoop.coop\/cudecoop\/?p=2441"},"modified":"2019-03-25T19:50:28","modified_gmt":"2019-03-25T19:50:28","slug":"debate-e-intercambio-sobre-politicas-de-desarrollo-de-las-cooperativas-artisticas","status":"publish","type":"post","link":"http:\/\/www.cudecoop.coop\/cudecoop\/debate-e-intercambio-sobre-politicas-de-desarrollo-de-las-cooperativas-artisticas\/","title":{"rendered":"Debate e intercambio sobre pol\u00edticas de desarrollo de las Cooperativas Art\u00edsticas"},"content":{"rendered":"<p>Mi\u00e9rcoles 3 de abril&nbsp; 17 h en INACOOP, Sarandi 302 Actividad dirigida a&nbsp;estudiantes o t\u00e9cnicos de las diversas \u00e1reas, la actividad de difusi\u00f3n de una de las investigaciones del Procoop. Se recomienda ver el video antes de ir a la charla.&nbsp;<\/p>\n<p><strong>Programa<\/strong><\/p>\n<p>17 hs &#8211; Presentaci\u00f3n<\/p>\n<p>Aspectos centrales de la investigaci\u00f3n 10&nbsp;a\u00f1os de las Cooperativas de artistas (Melina&nbsp;Romero, Sofia Etcheverry y Milton Torrelli)<\/p>\n<p>Se recomienda ver el video previamente<\/p>\n<p><a href=\"https:\/\/www.inacoop.org.uy\/single-post\/2019\/01\/24\/ Formaci%C3%B3n-cooperativa\">Video difusi\u00f3n<\/a><\/p>\n<p><strong>Comentarios a cargo de:<\/strong><br \/>\n\u2794 Gabriel Isola (Cudecoop)<br \/>\n\u2794 Ivonne Pandiani (BPS-MTSS)<br \/>\n\u2794 Itzel Ibargoyen (Antrop\u00f3loga. Tesis de&nbsp;Maestr\u00eda en Sociolog\u00eda\/ Tema: Cooperativas&nbsp;Art\u00edsticas).<\/p>\n<p>17:45 hs &#8211; Debate e intercambio<\/p>\n","protected":false},"excerpt":{"rendered":"<p>Mi\u00e9rcoles 3 de abril&nbsp; 17 h en INACOOP, Sarandi 302 Actividad dirigida a&nbsp;estudiantes o t\u00e9cnicos de las diversas \u00e1reas, la actividad de difusi\u00f3n de una de las investigaciones del Procoop. Se recomienda ver el video antes de ir a la charla.&nbsp; Programa 17 hs &#8211; Presentaci\u00f3n Aspectos centrales de la investigaci\u00f3n 10&nbsp;a\u00f1os de las Cooperativas de artistas (Melina&nbsp;Romero, Sofia Etcheverry y Milton Torrelli) Se recomienda ver el video previamente Video difusi\u00f3n Comentarios a cargo de:<br \/> \u2794 Gabriel Isola (Cudecoop)<br \/> \u2794 Ivonne Pandiani (BPS-MTSS)<br \/> \u2794 Itzel Ibargoyen (Antrop\u00f3loga. Tesis de&nbsp;Maestr\u00eda en Sociolog\u00eda\/ Tema: Cooperativas&nbsp;Art\u00edsticas). 17:45 hs &#8211; Debate [&#8230;]<\/p>\n","protected":false},"author":27,"featured_media":2444,"comment_status":"open","ping_status":"open","sticky":false,"template":"","format":"standard","meta":{"_acf_changed":false,"ngg_post_thumbnail":0,"footnotes":""},"categories":[7,6,1],"tags":[],"class_list":["post-2441","post","type-post","status-publish","format-standard","has-post-thumbnail","hentry","category-cooperativas","category-institucionales","category-noticias"],"acf":[],"_links":{"self":[{"href":"http:\/\/www.cudecoop.coop\/cudecoop\/wp-json\/wp\/v2\/posts\/2441","targetHints":{"allow":["GET"]}}],"collection":[{"href":"http:\/\/www.cudecoop.coop\/cudecoop\/wp-json\/wp\/v2\/posts"}],"about":[{"href":"http:\/\/www.cudecoop.coop\/cudecoop\/wp-json\/wp\/v2\/types\/post"}],"author":[{"embeddable":true,"href":"http:\/\/www.cudecoop.coop\/cudecoop\/wp-json\/wp\/v2\/users\/27"}],"replies":[{"embeddable":true,"href":"http:\/\/www.cudecoop.coop\/cudecoop\/wp-json\/wp\/v2\/comments?post=2441"}],"version-history":[{"count":1,"href":"http:\/\/www.cudecoop.coop\/cudecoop\/wp-json\/wp\/v2\/posts\/2441\/revisions"}],"predecessor-version":[{"id":2445,"href":"http:\/\/www.cudecoop.coop\/cudecoop\/wp-json\/wp\/v2\/posts\/2441\/revisions\/2445"}],"wp:featuredmedia":[{"embeddable":true,"href":"http:\/\/www.cudecoop.coop\/cudecoop\/wp-json\/wp\/v2\/media\/2444"}],"wp:attachment":[{"href":"http:\/\/www.cudecoop.coop\/cudecoop\/wp-json\/wp\/v2\/media?parent=2441"}],"wp:term":[{"taxonomy":"category","embeddable":true,"href":"http:\/\/www.cudecoop.coop\/cudecoop\/wp-json\/wp\/v2\/categories?post=2441"},{"taxonomy":"post_tag","embeddable":true,"href":"http:\/\/www.cudecoop.coop\/cudecoop\/wp-json\/wp\/v2\/tags?post=2441"}],"curies":[{"name":"wp","href":"https:\/\/api.w.org\/{rel}","templated":true}]}}