{"id":2436,"date":"2019-03-25T16:42:17","date_gmt":"2019-03-25T16:42:17","guid":{"rendered":"http:\/\/www.cudecoop.coop\/cudecoop\/?p=2436"},"modified":"2019-03-25T16:59:49","modified_gmt":"2019-03-25T16:59:49","slug":"3o-taller-perspectiva-de-genero-en-el-cooperativismo","status":"publish","type":"post","link":"http:\/\/www.cudecoop.coop\/cudecoop\/3o-taller-perspectiva-de-genero-en-el-cooperativismo\/","title":{"rendered":"3\u00ba Taller perspectiva de g\u00e9nero en el Cooperativismo"},"content":{"rendered":"<p>Invitamos a participar. Jueves 28 de marzo de 2019, de 14 a 18h en Inacoop.<\/p>\n<p>El Instituto Nacional de las Mujeres &#8211; Ministerio de Desarrollo Social (Inmujeres &#8211; MIDES), el Instituto Nacional del Cooperativismo (INACOOP)&nbsp; y ONU MUJERES, en el marco del programa &#8220;GANAR-GANAR: la igualdad de g\u00e9nero es un buen negocio&#8221;, invitan al taller:&nbsp;<\/p>\n<p>&#8220;Promoviendo igualdad de g\u00e9nero en las cooperativas&#8221;<\/p>\n<p>En el mismo se presentar\u00e1n los resultados del estudio de profundizaci\u00f3n sobre la situaci\u00f3n de las mujeres en los espacios de decisi\u00f3n de las cooperativas de trabajo-producci\u00f3n y de vivienda.<\/p>\n<p>&nbsp;<\/p>\n<p><a href=\"http:\/\/www.cudecoop.coop\/cudecoop\/wp-content\/uploads\/2019\/03\/Convocatoria-talleres_28demarzo14a-a-18.pdf\">Convocatoria talleres_28demarzo14a a 18<\/a><\/p>\n<p>&nbsp;<\/p>\n<p>&nbsp;<\/p>\n<p>&nbsp;<\/p>\n","protected":false},"excerpt":{"rendered":"<p>Invitamos a participar. Jueves 28 de marzo de 2019, de 14 a 18h en Inacoop. El Instituto Nacional de las Mujeres &#8211; Ministerio de Desarrollo Social (Inmujeres &#8211; MIDES), el Instituto Nacional del Cooperativismo (INACOOP)&nbsp; y ONU MUJERES, en el marco del programa &#8220;GANAR-GANAR: la igualdad de g\u00e9nero es un buen negocio&#8221;, invitan al taller:&nbsp; &#8220;Promoviendo igualdad de g\u00e9nero en las cooperativas&#8221; En el mismo se presentar\u00e1n los resultados del estudio de profundizaci\u00f3n sobre la situaci\u00f3n de las mujeres en los espacios de decisi\u00f3n de las cooperativas de trabajo-producci\u00f3n y de vivienda. &nbsp; Convocatoria talleres_28demarzo14a a 18 &nbsp; &nbsp; [&#8230;]<\/p>\n","protected":false},"author":27,"featured_media":2437,"comment_status":"open","ping_status":"open","sticky":false,"template":"","format":"standard","meta":{"_acf_changed":false,"ngg_post_thumbnail":0,"footnotes":""},"categories":[7,6,1],"tags":[],"class_list":["post-2436","post","type-post","status-publish","format-standard","has-post-thumbnail","hentry","category-cooperativas","category-institucionales","category-noticias"],"acf":[],"_links":{"self":[{"href":"http:\/\/www.cudecoop.coop\/cudecoop\/wp-json\/wp\/v2\/posts\/2436","targetHints":{"allow":["GET"]}}],"collection":[{"href":"http:\/\/www.cudecoop.coop\/cudecoop\/wp-json\/wp\/v2\/posts"}],"about":[{"href":"http:\/\/www.cudecoop.coop\/cudecoop\/wp-json\/wp\/v2\/types\/post"}],"author":[{"embeddable":true,"href":"http:\/\/www.cudecoop.coop\/cudecoop\/wp-json\/wp\/v2\/users\/27"}],"replies":[{"embeddable":true,"href":"http:\/\/www.cudecoop.coop\/cudecoop\/wp-json\/wp\/v2\/comments?post=2436"}],"version-history":[{"count":2,"href":"http:\/\/www.cudecoop.coop\/cudecoop\/wp-json\/wp\/v2\/posts\/2436\/revisions"}],"predecessor-version":[{"id":2440,"href":"http:\/\/www.cudecoop.coop\/cudecoop\/wp-json\/wp\/v2\/posts\/2436\/revisions\/2440"}],"wp:featuredmedia":[{"embeddable":true,"href":"http:\/\/www.cudecoop.coop\/cudecoop\/wp-json\/wp\/v2\/media\/2437"}],"wp:attachment":[{"href":"http:\/\/www.cudecoop.coop\/cudecoop\/wp-json\/wp\/v2\/media?parent=2436"}],"wp:term":[{"taxonomy":"category","embeddable":true,"href":"http:\/\/www.cudecoop.coop\/cudecoop\/wp-json\/wp\/v2\/categories?post=2436"},{"taxonomy":"post_tag","embeddable":true,"href":"http:\/\/www.cudecoop.coop\/cudecoop\/wp-json\/wp\/v2\/tags?post=2436"}],"curies":[{"name":"wp","href":"https:\/\/api.w.org\/{rel}","templated":true}]}}