{"id":2425,"date":"2019-03-21T16:11:49","date_gmt":"2019-03-21T16:11:49","guid":{"rendered":"http:\/\/www.cudecoop.coop\/cudecoop\/?p=2425"},"modified":"2019-08-12T16:08:44","modified_gmt":"2019-08-12T16:08:44","slug":"bienvenida-a-la-3er-generacion-incubacoop","status":"publish","type":"post","link":"http:\/\/www.cudecoop.coop\/cudecoop\/bienvenida-a-la-3er-generacion-incubacoop\/","title":{"rendered":"Bienvenida a la 3er generaci\u00f3n Incubacoop"},"content":{"rendered":"<p>Incubacoop invita a participar de un acto de bienvenida a la 3ra generaci\u00f3n de cooperativas o pre-cooperativas incubadas el pr\u00f3ximo mi\u00e9rcoles 27 de marzo a las 10 h en Inacoop.&nbsp;La actividad contar\u00e1 con la participaci\u00f3n de autoridades de las instituciones mencionadas y representantes de la incubadora.&nbsp;&nbsp;Se solicita confirmar asistencia a&nbsp;secretaria@incubacoop.org.uy<\/p>\n<p>Adem\u00e1s de la bienvenida a la 3ra generaci\u00f3n se presentar\u00e1 la&nbsp;incorporaci\u00f3n de dos proyectos vinculados al sector Turismo, por lo cual la incubadora estar\u00e1 trabajando junto al Ministerio de Turismo y la Direcci\u00f3n de Turismo de la Intendencia de Florida, quienes ya se encuentran apoyando a los mismos.&nbsp;<\/p>\n<p>Adem\u00e1s en los pr\u00f3ximos d\u00edas se firmar\u00e1 un convenio con el Ministerio de Turismo, mediante el cual, Incubacoop participar\u00e1 en el apoyo a dichos emprendimientos, asignando recursos para complementar a los que ya reciben de dicho ministerio. Asimismo cabe destacar que el MinTur particip\u00f3 activamente en la difusi\u00f3n y selecci\u00f3n de los proyectos postulados dentro del sector.<\/p>\n<p style=\"font-weight: 400;\">Tambi\u00e9n se anunci\u00f3 sobre el futuro convenio con la Facultad de Arquitectura, Dise\u00f1o y Urbanismo (FADU) para la capacitaci\u00f3n y colaboraci\u00f3n en el desarrollo de productos y procesos a la cooperativa LADECOOP de Las Piedras, lo que seguramente ser\u00e1 el puntapi\u00e9 inicial para futuras colaboraciones con otros proyectos de Incubacoop vinculados a la industria de la construcci\u00f3n.<\/p>\n<p style=\"font-weight: 400;\"><img loading=\"lazy\" decoding=\"async\" class=\"alignnone wp-image-2427\" src=\"http:\/\/www.cudecoop.coop\/cudecoop\/wp-content\/uploads\/2019\/03\/image001-1-300x174.jpg\" alt=\"\" width=\"397\" height=\"230\" srcset=\"http:\/\/www.cudecoop.coop\/cudecoop\/wp-content\/uploads\/2019\/03\/image001-1-300x174.jpg 300w, http:\/\/www.cudecoop.coop\/cudecoop\/wp-content\/uploads\/2019\/03\/image001-1-768x445.jpg 768w, http:\/\/www.cudecoop.coop\/cudecoop\/wp-content\/uploads\/2019\/03\/image001-1-24x14.jpg 24w, http:\/\/www.cudecoop.coop\/cudecoop\/wp-content\/uploads\/2019\/03\/image001-1-36x21.jpg 36w, http:\/\/www.cudecoop.coop\/cudecoop\/wp-content\/uploads\/2019\/03\/image001-1-48x28.jpg 48w, http:\/\/www.cudecoop.coop\/cudecoop\/wp-content\/uploads\/2019\/03\/image001-1.jpg 956w\" sizes=\"auto, (max-width: 397px) 100vw, 397px\" \/><\/p>\n<p style=\"font-weight: 400;\">&nbsp;<\/p>\n","protected":false},"excerpt":{"rendered":"<p>Incubacoop invita a participar de un acto de bienvenida a la 3ra generaci\u00f3n de cooperativas o pre-cooperativas incubadas el pr\u00f3ximo mi\u00e9rcoles 27 de marzo a las 10 h en Inacoop.&nbsp;La actividad contar\u00e1 con la participaci\u00f3n de autoridades de las instituciones mencionadas y representantes de la incubadora.&nbsp;&nbsp;Se solicita confirmar asistencia a&nbsp;secretaria@incubacoop.org.uy Adem\u00e1s de la bienvenida a la 3ra generaci\u00f3n se presentar\u00e1 la&nbsp;incorporaci\u00f3n de dos proyectos vinculados al sector Turismo, por lo cual la incubadora estar\u00e1 trabajando junto al Ministerio de Turismo y la Direcci\u00f3n de Turismo de la Intendencia de Florida, quienes ya se encuentran apoyando a los mismos.&nbsp; Adem\u00e1s en [&#8230;]<\/p>\n","protected":false},"author":27,"featured_media":2426,"comment_status":"open","ping_status":"open","sticky":false,"template":"","format":"standard","meta":{"_acf_changed":false,"ngg_post_thumbnail":0,"footnotes":""},"categories":[7,6,1],"tags":[],"class_list":["post-2425","post","type-post","status-publish","format-standard","has-post-thumbnail","hentry","category-cooperativas","category-institucionales","category-noticias"],"acf":[],"_links":{"self":[{"href":"http:\/\/www.cudecoop.coop\/cudecoop\/wp-json\/wp\/v2\/posts\/2425","targetHints":{"allow":["GET"]}}],"collection":[{"href":"http:\/\/www.cudecoop.coop\/cudecoop\/wp-json\/wp\/v2\/posts"}],"about":[{"href":"http:\/\/www.cudecoop.coop\/cudecoop\/wp-json\/wp\/v2\/types\/post"}],"author":[{"embeddable":true,"href":"http:\/\/www.cudecoop.coop\/cudecoop\/wp-json\/wp\/v2\/users\/27"}],"replies":[{"embeddable":true,"href":"http:\/\/www.cudecoop.coop\/cudecoop\/wp-json\/wp\/v2\/comments?post=2425"}],"version-history":[{"count":1,"href":"http:\/\/www.cudecoop.coop\/cudecoop\/wp-json\/wp\/v2\/posts\/2425\/revisions"}],"predecessor-version":[{"id":2428,"href":"http:\/\/www.cudecoop.coop\/cudecoop\/wp-json\/wp\/v2\/posts\/2425\/revisions\/2428"}],"wp:featuredmedia":[{"embeddable":true,"href":"http:\/\/www.cudecoop.coop\/cudecoop\/wp-json\/wp\/v2\/media\/2426"}],"wp:attachment":[{"href":"http:\/\/www.cudecoop.coop\/cudecoop\/wp-json\/wp\/v2\/media?parent=2425"}],"wp:term":[{"taxonomy":"category","embeddable":true,"href":"http:\/\/www.cudecoop.coop\/cudecoop\/wp-json\/wp\/v2\/categories?post=2425"},{"taxonomy":"post_tag","embeddable":true,"href":"http:\/\/www.cudecoop.coop\/cudecoop\/wp-json\/wp\/v2\/tags?post=2425"}],"curies":[{"name":"wp","href":"https:\/\/api.w.org\/{rel}","templated":true}]}}