{"id":2400,"date":"2019-03-14T16:45:02","date_gmt":"2019-03-14T16:45:02","guid":{"rendered":"http:\/\/www.cudecoop.coop\/cudecoop\/?p=2400"},"modified":"2019-03-25T20:38:28","modified_gmt":"2019-03-25T20:38:28","slug":"2400-2","status":"publish","type":"post","link":"http:\/\/www.cudecoop.coop\/cudecoop\/2400-2\/","title":{"rendered":"ODS 17: Alianza para lograr los objetivos"},"content":{"rendered":"<p>Incubacoop se present\u00f3 en el Foro de Pol\u00edticas para el Desarrollo de la Uni\u00f3n Europea, Juan Carlos Canessa particip\u00f3 en representaci\u00f3n de Incubacoop<\/p>\n<p>En el marco del evento convocado por&nbsp; la Comisi\u00f3n Europea, nuestro Vicepresidente 2do, Juan Carlos Canessa, present\u00f3 la experiencia Incubacoop.&nbsp;<\/p>\n<p>El motivo de la participaci\u00f3n fue por tratarse de una experiencia de paternariado exitosa. Por tal raz\u00f3n,&nbsp; la Alianza Cooperativa Internacional, seleccion\u00f3 a la Incubadora para presentar la experiencia nacional destacada en Am\u00e9rica.&nbsp;<\/p>\n<p>El caso del paternariado exitoso se refiere a que se da un ensamble de pol\u00edticas p\u00fablicas y privadas desarrolladas en conjunto. El sector privado, en este caso el movimiento cooperativo (CUDECOOP) propone la idea (promover la formaci\u00f3n de cooperativas de base tecnol\u00f3gica) y el sector p\u00fablico apoya para el desarrollo (INACOOP &#8211; MIEM). De esta manera las tres organizaciones le dan seguimiento a la ejecuci\u00f3n del proyecto.<\/p>\n<p>En su presentaci\u00f3n, Juan Carlos se refiri\u00f3 al desarrollo de la experiencia de la incubadora y a la importancia de las alianzas para la colaboraci\u00f3n p\u00fablico &#8211; cooperativo como estrategia para pol\u00edticas de desarrollo efectivas tal como recomienda el Objetivo para el Desarrollo Sostenible n\u00ba 17:&nbsp;Alianza para lograr los objetivos de la Agenda 2030 (ONU). Tambi\u00e9n destac\u00f3 el rol de la incubadora como instrumento para la integraci\u00f3n de j\u00f3venes al cooperativismo.&nbsp;<\/p>\n<p>En este Foro participan m\u00e1s de 90 representantes de organizaciones de la sociedad civil, autoridades locales, asociaciones profesionales y e<span class=\"text_exposed_show\">mpresariales, en donde se re\u00fanen para debatir sobre las pol\u00edticas m\u00e1s desafiantes en materia de desarrollo de la Uni\u00f3n Europea.<\/span><\/p>\n<p>Incubacoop es un dispositivo institucional pensado para acompa\u00f1ar la creaci\u00f3n de nuevas experiencias cooperativas en campos estrat\u00e9gicos o de oportunidad, orientado a generar iniciativas en \u00e1reas intensivas en innovaci\u00f3n y conocimiento. Busca promover el desarrollo del cooperativismo uruguayo en sectores en donde tradicionalmente no ha emprendido. El mismo es impulsado por el Ministerio de Industria, Energ\u00eda y Miner\u00eda (MIEM), el Instituto Nacional de Cooperativismo (INACOOP) y la Confederaci\u00f3n Uruguaya de Entidades Cooperativas (CUDECOOP).<\/p>\n<p>&nbsp;<\/p>\n<!-- index.php -->\n<div\n\tclass=\"ngg-galleryoverview\n\t ngg-ajax-pagination-none\t\"\n\tid=\"ngg-gallery-4e1044ffc20e2fd86f8c861d767f6889-1\">\n\n\t\t<div class=\"slideshowlink\">\n\t\t<a href='http:\/\/www.cudecoop.coop\/cudecoop\/2400-2\/nggallery\/slideshow'>&#091;Show slideshow&#093;<\/a>\n\t\t\n\t<\/div>\n\t\t\t<!-- Thumbnails -->\n\t\t\t\t<div id=\"ngg-image-0\" class=\"ngg-gallery-thumbnail-box\" \n\t\t\t\t\t\t\t\t\t\t\t>\n\t\t\t\t\t\t<div class=\"ngg-gallery-thumbnail\">\n\t\t\t<a href=\"http:\/\/www.cudecoop.coop\/cudecoop\/wp-content\/gallery\/incubacoop-en-bruselas\/JC_Bruselas.jpg\"\n\t\t\t\ttitle=\"\"\n\t\t\t\tdata-src=\"http:\/\/www.cudecoop.coop\/cudecoop\/wp-content\/gallery\/incubacoop-en-bruselas\/JC_Bruselas.jpg\"\n\t\t\t\tdata-thumbnail=\"http:\/\/www.cudecoop.coop\/cudecoop\/wp-content\/gallery\/incubacoop-en-bruselas\/thumbs\/thumbs_JC_Bruselas.jpg\"\n\t\t\t\tdata-image-id=\"84\"\n\t\t\t\tdata-title=\"JC_Bruselas\"\n\t\t\t\tdata-description=\"\"\n\t\t\t\tdata-image-slug=\"jc_bruselas\"\n\t\t\t\tclass=\"ngg-fancybox\" rel=\"4e1044ffc20e2fd86f8c861d767f6889\">\n\t\t\t\t<img\n\t\t\t\t\ttitle=\"JC_Bruselas\"\n\t\t\t\t\talt=\"JC_Bruselas\"\n\t\t\t\t\tsrc=\"http:\/\/www.cudecoop.coop\/cudecoop\/wp-content\/gallery\/incubacoop-en-bruselas\/thumbs\/thumbs_JC_Bruselas.jpg\"\n\t\t\t\t\twidth=\"240\"\n\t\t\t\t\theight=\"160\"\n\t\t\t\t\tstyle=\"max-width:100%;\"\n\t\t\t\t\/>\n\t\t\t<\/a>\n\t\t<\/div>\n\t\t\t\t\t\t\t<\/div> \n\t\t\t\n\t\t\n\t\t\t\t<div id=\"ngg-image-1\" class=\"ngg-gallery-thumbnail-box\" \n\t\t\t\t\t\t\t\t\t\t\t>\n\t\t\t\t\t\t<div class=\"ngg-gallery-thumbnail\">\n\t\t\t<a href=\"http:\/\/www.cudecoop.coop\/cudecoop\/wp-content\/gallery\/incubacoop-en-bruselas\/jc_bruselas2.jpg\"\n\t\t\t\ttitle=\"\"\n\t\t\t\tdata-src=\"http:\/\/www.cudecoop.coop\/cudecoop\/wp-content\/gallery\/incubacoop-en-bruselas\/jc_bruselas2.jpg\"\n\t\t\t\tdata-thumbnail=\"http:\/\/www.cudecoop.coop\/cudecoop\/wp-content\/gallery\/incubacoop-en-bruselas\/thumbs\/thumbs_jc_bruselas2.jpg\"\n\t\t\t\tdata-image-id=\"85\"\n\t\t\t\tdata-title=\"jc_bruselas2\"\n\t\t\t\tdata-description=\"\"\n\t\t\t\tdata-image-slug=\"jc_bruselas2\"\n\t\t\t\tclass=\"ngg-fancybox\" rel=\"4e1044ffc20e2fd86f8c861d767f6889\">\n\t\t\t\t<img\n\t\t\t\t\ttitle=\"jc_bruselas2\"\n\t\t\t\t\talt=\"jc_bruselas2\"\n\t\t\t\t\tsrc=\"http:\/\/www.cudecoop.coop\/cudecoop\/wp-content\/gallery\/incubacoop-en-bruselas\/thumbs\/thumbs_jc_bruselas2.jpg\"\n\t\t\t\t\twidth=\"240\"\n\t\t\t\t\theight=\"160\"\n\t\t\t\t\tstyle=\"max-width:100%;\"\n\t\t\t\t\/>\n\t\t\t<\/a>\n\t\t<\/div>\n\t\t\t\t\t\t\t<\/div> \n\t\t\t\n\t\t\n\t\t\t\t<div id=\"ngg-image-2\" class=\"ngg-gallery-thumbnail-box\" \n\t\t\t\t\t\t\t\t\t\t\t>\n\t\t\t\t\t\t<div class=\"ngg-gallery-thumbnail\">\n\t\t\t<a href=\"http:\/\/www.cudecoop.coop\/cudecoop\/wp-content\/gallery\/incubacoop-en-bruselas\/JC_Bruselas3.jpg\"\n\t\t\t\ttitle=\"\"\n\t\t\t\tdata-src=\"http:\/\/www.cudecoop.coop\/cudecoop\/wp-content\/gallery\/incubacoop-en-bruselas\/JC_Bruselas3.jpg\"\n\t\t\t\tdata-thumbnail=\"http:\/\/www.cudecoop.coop\/cudecoop\/wp-content\/gallery\/incubacoop-en-bruselas\/thumbs\/thumbs_JC_Bruselas3.jpg\"\n\t\t\t\tdata-image-id=\"86\"\n\t\t\t\tdata-title=\"JC_Bruselas3\"\n\t\t\t\tdata-description=\"\"\n\t\t\t\tdata-image-slug=\"jc_bruselas3\"\n\t\t\t\tclass=\"ngg-fancybox\" rel=\"4e1044ffc20e2fd86f8c861d767f6889\">\n\t\t\t\t<img\n\t\t\t\t\ttitle=\"JC_Bruselas3\"\n\t\t\t\t\talt=\"JC_Bruselas3\"\n\t\t\t\t\tsrc=\"http:\/\/www.cudecoop.coop\/cudecoop\/wp-content\/gallery\/incubacoop-en-bruselas\/thumbs\/thumbs_JC_Bruselas3.jpg\"\n\t\t\t\t\twidth=\"240\"\n\t\t\t\t\theight=\"160\"\n\t\t\t\t\tstyle=\"max-width:100%;\"\n\t\t\t\t\/>\n\t\t\t<\/a>\n\t\t<\/div>\n\t\t\t\t\t\t\t<\/div> \n\t\t\t\n\t\t\n\t\t\t\t<div id=\"ngg-image-3\" class=\"ngg-gallery-thumbnail-box\" \n\t\t\t\t\t\t\t\t\t\t\t>\n\t\t\t\t\t\t<div class=\"ngg-gallery-thumbnail\">\n\t\t\t<a href=\"http:\/\/www.cudecoop.coop\/cudecoop\/wp-content\/gallery\/incubacoop-en-bruselas\/JC_Bruselas4.jpg\"\n\t\t\t\ttitle=\"\"\n\t\t\t\tdata-src=\"http:\/\/www.cudecoop.coop\/cudecoop\/wp-content\/gallery\/incubacoop-en-bruselas\/JC_Bruselas4.jpg\"\n\t\t\t\tdata-thumbnail=\"http:\/\/www.cudecoop.coop\/cudecoop\/wp-content\/gallery\/incubacoop-en-bruselas\/thumbs\/thumbs_JC_Bruselas4.jpg\"\n\t\t\t\tdata-image-id=\"87\"\n\t\t\t\tdata-title=\"JC_Bruselas4\"\n\t\t\t\tdata-description=\"\"\n\t\t\t\tdata-image-slug=\"jc_bruselas4\"\n\t\t\t\tclass=\"ngg-fancybox\" rel=\"4e1044ffc20e2fd86f8c861d767f6889\">\n\t\t\t\t<img\n\t\t\t\t\ttitle=\"JC_Bruselas4\"\n\t\t\t\t\talt=\"JC_Bruselas4\"\n\t\t\t\t\tsrc=\"http:\/\/www.cudecoop.coop\/cudecoop\/wp-content\/gallery\/incubacoop-en-bruselas\/thumbs\/thumbs_JC_Bruselas4.jpg\"\n\t\t\t\t\twidth=\"240\"\n\t\t\t\t\theight=\"160\"\n\t\t\t\t\tstyle=\"max-width:100%;\"\n\t\t\t\t\/>\n\t\t\t<\/a>\n\t\t<\/div>\n\t\t\t\t\t\t\t<\/div> \n\t\t\t\n\t\t\n\t\t\n\t\t<!-- Pagination -->\n\t\t<div class='ngg-clear'><\/div>\t<\/div>\n\n","protected":false},"excerpt":{"rendered":"<p>Incubacoop se present\u00f3 en el Foro de Pol\u00edticas para el Desarrollo de la Uni\u00f3n Europea, Juan Carlos Canessa particip\u00f3 en representaci\u00f3n de Incubacoop En el marco del evento convocado por&nbsp; la Comisi\u00f3n Europea, nuestro Vicepresidente 2do, Juan Carlos Canessa, present\u00f3 la experiencia Incubacoop.&nbsp; El motivo de la participaci\u00f3n fue por tratarse de una experiencia de paternariado exitosa. Por tal raz\u00f3n,&nbsp; la Alianza Cooperativa Internacional, seleccion\u00f3 a la Incubadora para presentar la experiencia nacional destacada en Am\u00e9rica.&nbsp; El caso del paternariado exitoso se refiere a que se da un ensamble de pol\u00edticas p\u00fablicas y privadas desarrolladas en conjunto. El sector privado, [&#8230;]<\/p>\n","protected":false},"author":27,"featured_media":2411,"comment_status":"open","ping_status":"open","sticky":false,"template":"","format":"standard","meta":{"_acf_changed":false,"ngg_post_thumbnail":0,"footnotes":""},"categories":[7,6,1],"tags":[],"class_list":["post-2400","post","type-post","status-publish","format-standard","has-post-thumbnail","hentry","category-cooperativas","category-institucionales","category-noticias"],"acf":[],"_links":{"self":[{"href":"http:\/\/www.cudecoop.coop\/cudecoop\/wp-json\/wp\/v2\/posts\/2400","targetHints":{"allow":["GET"]}}],"collection":[{"href":"http:\/\/www.cudecoop.coop\/cudecoop\/wp-json\/wp\/v2\/posts"}],"about":[{"href":"http:\/\/www.cudecoop.coop\/cudecoop\/wp-json\/wp\/v2\/types\/post"}],"author":[{"embeddable":true,"href":"http:\/\/www.cudecoop.coop\/cudecoop\/wp-json\/wp\/v2\/users\/27"}],"replies":[{"embeddable":true,"href":"http:\/\/www.cudecoop.coop\/cudecoop\/wp-json\/wp\/v2\/comments?post=2400"}],"version-history":[{"count":5,"href":"http:\/\/www.cudecoop.coop\/cudecoop\/wp-json\/wp\/v2\/posts\/2400\/revisions"}],"predecessor-version":[{"id":2446,"href":"http:\/\/www.cudecoop.coop\/cudecoop\/wp-json\/wp\/v2\/posts\/2400\/revisions\/2446"}],"wp:featuredmedia":[{"embeddable":true,"href":"http:\/\/www.cudecoop.coop\/cudecoop\/wp-json\/wp\/v2\/media\/2411"}],"wp:attachment":[{"href":"http:\/\/www.cudecoop.coop\/cudecoop\/wp-json\/wp\/v2\/media?parent=2400"}],"wp:term":[{"taxonomy":"category","embeddable":true,"href":"http:\/\/www.cudecoop.coop\/cudecoop\/wp-json\/wp\/v2\/categories?post=2400"},{"taxonomy":"post_tag","embeddable":true,"href":"http:\/\/www.cudecoop.coop\/cudecoop\/wp-json\/wp\/v2\/tags?post=2400"}],"curies":[{"name":"wp","href":"https:\/\/api.w.org\/{rel}","templated":true}]}}