{"id":2385,"date":"2019-03-14T15:42:09","date_gmt":"2019-03-14T15:42:09","guid":{"rendered":"http:\/\/www.cudecoop.coop\/cudecoop\/?p=2385"},"modified":"2019-03-14T15:46:42","modified_gmt":"2019-03-14T15:46:42","slug":"xlix-reunion-especializada-de-las-cooperativas-del-mercosur","status":"publish","type":"post","link":"http:\/\/www.cudecoop.coop\/cudecoop\/xlix-reunion-especializada-de-las-cooperativas-del-mercosur\/","title":{"rendered":"XLIX Reuni\u00f3n Especializada de las cooperativas del Mercosur"},"content":{"rendered":"<p>El martes 12 de marzo en la ciudad de Buenos Aires, se llev\u00f3 a cabo una nueva edici\u00f3n de la Reuni\u00f3n Especializa de Cooperativas del Mercosur.&nbsp; Participaron&nbsp;todos los pa\u00edses socios, y se sum\u00f3 la delegaci\u00f3n de CONFECOOP&nbsp;de Chile como pa\u00eds asociado.<\/p>\n<p><img loading=\"lazy\" decoding=\"async\" class=\" wp-image-2387 aligncenter\" src=\"http:\/\/www.cudecoop.coop\/cudecoop\/wp-content\/uploads\/2019\/03\/WhatsApp-Image-2019-03-12-at-8.27.07-PM-300x169.jpeg\" alt=\"\" width=\"362\" height=\"204\" srcset=\"http:\/\/www.cudecoop.coop\/cudecoop\/wp-content\/uploads\/2019\/03\/WhatsApp-Image-2019-03-12-at-8.27.07-PM-300x169.jpeg 300w, http:\/\/www.cudecoop.coop\/cudecoop\/wp-content\/uploads\/2019\/03\/WhatsApp-Image-2019-03-12-at-8.27.07-PM-768x432.jpeg 768w, http:\/\/www.cudecoop.coop\/cudecoop\/wp-content\/uploads\/2019\/03\/WhatsApp-Image-2019-03-12-at-8.27.07-PM-1024x576.jpeg 1024w, http:\/\/www.cudecoop.coop\/cudecoop\/wp-content\/uploads\/2019\/03\/WhatsApp-Image-2019-03-12-at-8.27.07-PM-24x14.jpeg 24w, http:\/\/www.cudecoop.coop\/cudecoop\/wp-content\/uploads\/2019\/03\/WhatsApp-Image-2019-03-12-at-8.27.07-PM-36x20.jpeg 36w, http:\/\/www.cudecoop.coop\/cudecoop\/wp-content\/uploads\/2019\/03\/WhatsApp-Image-2019-03-12-at-8.27.07-PM-48x27.jpeg 48w, http:\/\/www.cudecoop.coop\/cudecoop\/wp-content\/uploads\/2019\/03\/WhatsApp-Image-2019-03-12-at-8.27.07-PM.jpeg 1600w\" sizes=\"auto, (max-width: 362px) 100vw, 362px\" \/><\/p>\n<p>&nbsp;<\/p>\n<p>Se trat\u00f3 de la primer instancia en que&nbsp;participaron los nuevos representantes del gobierno de Brasil, quienes aprovecharon la ocasi\u00f3n para describir la nueva estructura institucional y las pol\u00edticas que desarrollar\u00e1n para el sector.<\/p>\n<p>Por&nbsp;Uruguay participaron Carlos Reyes director de INACOOP, Marta Posada, adscripta a la direcci\u00f3n de la Auditor\u00eda Interna de la Naci\u00f3n (AIN)&nbsp;y Gabriel Isola coordinador de CUDECOOP.<\/p>\n<p>La delegaci\u00f3n uruguaya&nbsp;inform\u00f3 sobre los diversos programas que est\u00e1n en<br \/>\nmarcha desde el INACOOP, tambi\u00e9n sobre las iniciativas conjuntas que se desarrollan con CUDECOOP.<br \/>\nDesde la Confederaci\u00f3n se se\u00f1al\u00f3 la importancia del nuevo escenario<br \/>\nresultante de la V Cumbre Cooperativa de las Am\u00e9ricas, y las&nbsp; responsabilidades asumidas a partir de la misma. Momento en que la organizaci\u00f3n se encuentra desarrollando su planificaci\u00f3n institucional, en el marco de una coyuntura pol\u00edtica particular del pa\u00eds por tratarse de un a\u00f1o electoral.<\/p>\n<p>Particip\u00f3 en este encuentro, Ariel Guarco, presidente de Cooperar (Arg.) y de la Alianza Cooperativa Internacional (ACI), destacando&nbsp;el<br \/>\nsignificado de la V Cumbre Cooperativa en Bs. As. y la importancia de que una<br \/>\ncompa\u00f1era de la regi\u00f3n, Graciela Fern\u00e1ndez asuma la Presidencia. Sobre ella&nbsp;<br \/>\ndestac\u00f3 su labor en la primera sesi\u00f3n de planificaci\u00f3n estrat\u00e9gica en Rep\u00fablica&nbsp;Dominicana.<\/p>\n<p>Por otra parte se refiri\u00f3 a la misi\u00f3n de las cooperativas de consumo del Mercosur con las&nbsp;cooperativas de consumo escandinavas (SOK de Finlandia pero tambi\u00e9n las&nbsp;hom\u00f3logas de Dinamarca, Suecia y Noruega);&nbsp; y&nbsp; sobre&nbsp; la importancia de apoyar el&nbsp;la Conferencia Mundial de ACI en Kigali, Ruanda, marcando el&nbsp;compromiso con el desarrollo de \u00c1frica.<\/p>\n<p><img loading=\"lazy\" decoding=\"async\" class=\"size-medium wp-image-2386 aligncenter\" src=\"http:\/\/www.cudecoop.coop\/cudecoop\/wp-content\/uploads\/2019\/03\/WhatsApp-Image-2019-03-12-at-8.35.53-PM-300x225.jpeg\" alt=\"\" width=\"300\" height=\"225\" srcset=\"http:\/\/www.cudecoop.coop\/cudecoop\/wp-content\/uploads\/2019\/03\/WhatsApp-Image-2019-03-12-at-8.35.53-PM-300x225.jpeg 300w, http:\/\/www.cudecoop.coop\/cudecoop\/wp-content\/uploads\/2019\/03\/WhatsApp-Image-2019-03-12-at-8.35.53-PM-768x576.jpeg 768w, http:\/\/www.cudecoop.coop\/cudecoop\/wp-content\/uploads\/2019\/03\/WhatsApp-Image-2019-03-12-at-8.35.53-PM-1024x768.jpeg 1024w, http:\/\/www.cudecoop.coop\/cudecoop\/wp-content\/uploads\/2019\/03\/WhatsApp-Image-2019-03-12-at-8.35.53-PM.jpeg 1600w, http:\/\/www.cudecoop.coop\/cudecoop\/wp-content\/uploads\/2019\/03\/WhatsApp-Image-2019-03-12-at-8.35.53-PM-24x18.jpeg 24w, http:\/\/www.cudecoop.coop\/cudecoop\/wp-content\/uploads\/2019\/03\/WhatsApp-Image-2019-03-12-at-8.35.53-PM-36x27.jpeg 36w, http:\/\/www.cudecoop.coop\/cudecoop\/wp-content\/uploads\/2019\/03\/WhatsApp-Image-2019-03-12-at-8.35.53-PM-48x36.jpeg 48w\" sizes=\"auto, (max-width: 300px) 100vw, 300px\" \/><\/p>\n<p>En este encuentro se avanz\u00f3 en relaci\u00f3n a las iniciativas conjuntas de las cooperativas de la regi\u00f3n, se&nbsp; presentaron los&nbsp;desaf\u00edos para avanzar en el Reglamento de Cooperativas del Mercosur, y la implementaci\u00f3n del acuerdo RECM &#8211; REAF sobre cooperativas y agricultura familiar.<\/p>\n<p>En este marco tambi\u00e9n se desarroll\u00f3 el seminario de DGRV sobre el autocontrol en el sistema cooperativo alem\u00e1n.&nbsp;<\/p>\n<p>Se coordin\u00f3 una misi\u00f3n conjunta a Israel el pr\u00f3ximo noviembre para participar de la Feria Agroalimentaria ISRAFOOD.&nbsp;<\/p>\n<!-- index.php -->\n<div\n\tclass=\"ngg-galleryoverview\n\t ngg-ajax-pagination-none\t\"\n\tid=\"ngg-gallery-fc7944d50e531c766e047bb8b3d6c138-1\">\n\n\t\t<div class=\"slideshowlink\">\n\t\t<a href='http:\/\/www.cudecoop.coop\/cudecoop\/xlix-reunion-especializada-de-las-cooperativas-del-mercosur\/nggallery\/slideshow'>&#091;Show slideshow&#093;<\/a>\n\t\t\n\t<\/div>\n\t\t\t<!-- Thumbnails -->\n\t\t\t\t<div id=\"ngg-image-0\" class=\"ngg-gallery-thumbnail-box\" \n\t\t\t\t\t\t\t\t\t\t\t>\n\t\t\t\t\t\t<div class=\"ngg-gallery-thumbnail\">\n\t\t\t<a href=\"http:\/\/www.cudecoop.coop\/cudecoop\/wp-content\/gallery\/xlix-recm\/53809459_2238767252850123_3513133624352309248_o.jpg\"\n\t\t\t\ttitle=\"\"\n\t\t\t\tdata-src=\"http:\/\/www.cudecoop.coop\/cudecoop\/wp-content\/gallery\/xlix-recm\/53809459_2238767252850123_3513133624352309248_o.jpg\"\n\t\t\t\tdata-thumbnail=\"http:\/\/www.cudecoop.coop\/cudecoop\/wp-content\/gallery\/xlix-recm\/thumbs\/thumbs_53809459_2238767252850123_3513133624352309248_o.jpg\"\n\t\t\t\tdata-image-id=\"81\"\n\t\t\t\tdata-title=\"53809459_2238767252850123_3513133624352309248_o\"\n\t\t\t\tdata-description=\"\"\n\t\t\t\tdata-image-slug=\"53809459_2238767252850123_3513133624352309248_o\"\n\t\t\t\tclass=\"ngg-fancybox\" rel=\"fc7944d50e531c766e047bb8b3d6c138\">\n\t\t\t\t<img\n\t\t\t\t\ttitle=\"53809459_2238767252850123_3513133624352309248_o\"\n\t\t\t\t\talt=\"53809459_2238767252850123_3513133624352309248_o\"\n\t\t\t\t\tsrc=\"http:\/\/www.cudecoop.coop\/cudecoop\/wp-content\/gallery\/xlix-recm\/thumbs\/thumbs_53809459_2238767252850123_3513133624352309248_o.jpg\"\n\t\t\t\t\twidth=\"240\"\n\t\t\t\t\theight=\"160\"\n\t\t\t\t\tstyle=\"max-width:100%;\"\n\t\t\t\t\/>\n\t\t\t<\/a>\n\t\t<\/div>\n\t\t\t\t\t\t\t<\/div> \n\t\t\t\n\t\t\n\t\t\t\t<div id=\"ngg-image-1\" class=\"ngg-gallery-thumbnail-box\" \n\t\t\t\t\t\t\t\t\t\t\t>\n\t\t\t\t\t\t<div class=\"ngg-gallery-thumbnail\">\n\t\t\t<a href=\"http:\/\/www.cudecoop.coop\/cudecoop\/wp-content\/gallery\/xlix-recm\/WhatsApp-Image-2019-03-12-at-8.27.07-PM.jpeg\"\n\t\t\t\ttitle=\"\"\n\t\t\t\tdata-src=\"http:\/\/www.cudecoop.coop\/cudecoop\/wp-content\/gallery\/xlix-recm\/WhatsApp-Image-2019-03-12-at-8.27.07-PM.jpeg\"\n\t\t\t\tdata-thumbnail=\"http:\/\/www.cudecoop.coop\/cudecoop\/wp-content\/gallery\/xlix-recm\/thumbs\/thumbs_WhatsApp-Image-2019-03-12-at-8.27.07-PM.jpeg\"\n\t\t\t\tdata-image-id=\"82\"\n\t\t\t\tdata-title=\"WhatsApp Image 2019-03-12 at 8.27.07 PM\"\n\t\t\t\tdata-description=\"\"\n\t\t\t\tdata-image-slug=\"whatsapp-image-2019-03-12-at-8-27-07-pm\"\n\t\t\t\tclass=\"ngg-fancybox\" rel=\"fc7944d50e531c766e047bb8b3d6c138\">\n\t\t\t\t<img\n\t\t\t\t\ttitle=\"WhatsApp Image 2019-03-12 at 8.27.07 PM\"\n\t\t\t\t\talt=\"WhatsApp Image 2019-03-12 at 8.27.07 PM\"\n\t\t\t\t\tsrc=\"http:\/\/www.cudecoop.coop\/cudecoop\/wp-content\/gallery\/xlix-recm\/thumbs\/thumbs_WhatsApp-Image-2019-03-12-at-8.27.07-PM.jpeg\"\n\t\t\t\t\twidth=\"240\"\n\t\t\t\t\theight=\"160\"\n\t\t\t\t\tstyle=\"max-width:100%;\"\n\t\t\t\t\/>\n\t\t\t<\/a>\n\t\t<\/div>\n\t\t\t\t\t\t\t<\/div> \n\t\t\t\n\t\t\n\t\t\t\t<div id=\"ngg-image-2\" class=\"ngg-gallery-thumbnail-box\" \n\t\t\t\t\t\t\t\t\t\t\t>\n\t\t\t\t\t\t<div class=\"ngg-gallery-thumbnail\">\n\t\t\t<a href=\"http:\/\/www.cudecoop.coop\/cudecoop\/wp-content\/gallery\/xlix-recm\/WhatsApp-Image-2019-03-12-at-8.35.53-PM.jpeg\"\n\t\t\t\ttitle=\"\"\n\t\t\t\tdata-src=\"http:\/\/www.cudecoop.coop\/cudecoop\/wp-content\/gallery\/xlix-recm\/WhatsApp-Image-2019-03-12-at-8.35.53-PM.jpeg\"\n\t\t\t\tdata-thumbnail=\"http:\/\/www.cudecoop.coop\/cudecoop\/wp-content\/gallery\/xlix-recm\/thumbs\/thumbs_WhatsApp-Image-2019-03-12-at-8.35.53-PM.jpeg\"\n\t\t\t\tdata-image-id=\"83\"\n\t\t\t\tdata-title=\"WhatsApp Image 2019-03-12 at 8.35.53 PM\"\n\t\t\t\tdata-description=\"\"\n\t\t\t\tdata-image-slug=\"whatsapp-image-2019-03-12-at-8-35-53-pm\"\n\t\t\t\tclass=\"ngg-fancybox\" rel=\"fc7944d50e531c766e047bb8b3d6c138\">\n\t\t\t\t<img\n\t\t\t\t\ttitle=\"WhatsApp Image 2019-03-12 at 8.35.53 PM\"\n\t\t\t\t\talt=\"WhatsApp Image 2019-03-12 at 8.35.53 PM\"\n\t\t\t\t\tsrc=\"http:\/\/www.cudecoop.coop\/cudecoop\/wp-content\/gallery\/xlix-recm\/thumbs\/thumbs_WhatsApp-Image-2019-03-12-at-8.35.53-PM.jpeg\"\n\t\t\t\t\twidth=\"240\"\n\t\t\t\t\theight=\"160\"\n\t\t\t\t\tstyle=\"max-width:100%;\"\n\t\t\t\t\/>\n\t\t\t<\/a>\n\t\t<\/div>\n\t\t\t\t\t\t\t<\/div> \n\t\t\t\n\t\t\n\t\t\n\t\t<!-- Pagination -->\n\t\t<div class='ngg-clear'><\/div>\t<\/div>\n\n","protected":false},"excerpt":{"rendered":"<p>El martes 12 de marzo en la ciudad de Buenos Aires, se llev\u00f3 a cabo una nueva edici\u00f3n de la Reuni\u00f3n Especializa de Cooperativas del Mercosur.&nbsp; Participaron&nbsp;todos los pa\u00edses socios, y se sum\u00f3 la delegaci\u00f3n de CONFECOOP&nbsp;de Chile como pa\u00eds asociado. &nbsp; Se trat\u00f3 de la primer instancia en que&nbsp;participaron los nuevos representantes del gobierno de Brasil, quienes aprovecharon la ocasi\u00f3n para describir la nueva estructura institucional y las pol\u00edticas que desarrollar\u00e1n para el sector. Por&nbsp;Uruguay participaron Carlos Reyes director de INACOOP, Marta Posada, adscripta a la direcci\u00f3n de la Auditor\u00eda Interna de la Naci\u00f3n (AIN)&nbsp;y Gabriel Isola coordinador de [&#8230;]<\/p>\n","protected":false},"author":27,"featured_media":2388,"comment_status":"open","ping_status":"open","sticky":false,"template":"","format":"standard","meta":{"_acf_changed":false,"ngg_post_thumbnail":0,"footnotes":""},"categories":[7,6,1],"tags":[],"class_list":["post-2385","post","type-post","status-publish","format-standard","has-post-thumbnail","hentry","category-cooperativas","category-institucionales","category-noticias"],"acf":[],"_links":{"self":[{"href":"http:\/\/www.cudecoop.coop\/cudecoop\/wp-json\/wp\/v2\/posts\/2385","targetHints":{"allow":["GET"]}}],"collection":[{"href":"http:\/\/www.cudecoop.coop\/cudecoop\/wp-json\/wp\/v2\/posts"}],"about":[{"href":"http:\/\/www.cudecoop.coop\/cudecoop\/wp-json\/wp\/v2\/types\/post"}],"author":[{"embeddable":true,"href":"http:\/\/www.cudecoop.coop\/cudecoop\/wp-json\/wp\/v2\/users\/27"}],"replies":[{"embeddable":true,"href":"http:\/\/www.cudecoop.coop\/cudecoop\/wp-json\/wp\/v2\/comments?post=2385"}],"version-history":[{"count":3,"href":"http:\/\/www.cudecoop.coop\/cudecoop\/wp-json\/wp\/v2\/posts\/2385\/revisions"}],"predecessor-version":[{"id":2399,"href":"http:\/\/www.cudecoop.coop\/cudecoop\/wp-json\/wp\/v2\/posts\/2385\/revisions\/2399"}],"wp:featuredmedia":[{"embeddable":true,"href":"http:\/\/www.cudecoop.coop\/cudecoop\/wp-json\/wp\/v2\/media\/2388"}],"wp:attachment":[{"href":"http:\/\/www.cudecoop.coop\/cudecoop\/wp-json\/wp\/v2\/media?parent=2385"}],"wp:term":[{"taxonomy":"category","embeddable":true,"href":"http:\/\/www.cudecoop.coop\/cudecoop\/wp-json\/wp\/v2\/categories?post=2385"},{"taxonomy":"post_tag","embeddable":true,"href":"http:\/\/www.cudecoop.coop\/cudecoop\/wp-json\/wp\/v2\/tags?post=2385"}],"curies":[{"name":"wp","href":"https:\/\/api.w.org\/{rel}","templated":true}]}}