{"id":2379,"date":"2019-03-13T16:21:32","date_gmt":"2019-03-13T16:21:32","guid":{"rendered":"http:\/\/www.cudecoop.coop\/cudecoop\/?p=2379"},"modified":"2019-03-13T16:23:20","modified_gmt":"2019-03-13T16:23:20","slug":"fucvam-amplia-acceso-de-ladrillos-a-para-cooperativas-de-viviendas","status":"publish","type":"post","link":"http:\/\/www.cudecoop.coop\/cudecoop\/fucvam-amplia-acceso-de-ladrillos-a-para-cooperativas-de-viviendas\/","title":{"rendered":"Fucvam ampl\u00eda acceso de ladrillos a para cooperativas de viviendas"},"content":{"rendered":"<p>El martes 12 de marzo, la Federaci\u00f3n Uruguaya de Cooperativas de Vivienda por Ayuda Mutua (FUCVAM),&nbsp; el Ministerio de Trabajo y Seguridad Social<br \/>\n(MTSS) y el Instituto Nacional del Cooperativismo (INACOOP) firmaron un acuerdo de trabajo con la Asociaci\u00f3n de ladrilleros del Uruguay.<\/p>\n<p>Participaron de la firma, el ministro de Trabajo Ernesto Murro,&nbsp; y el presidente de INACOOP Gustavo Bernini. Adem\u00e1s de las autoridades de Fucvam y de la Asociaci\u00f3n.<\/p>\n<p>La asociaci\u00f3n civil de ladrilleros &#8220;Sin Fronteras&#8221; se dedica a la elaboraci\u00f3n de ladrillos ecol\u00f3gicos, desarrollando su actividad en 14 departamentos del pa\u00eds. Este acuerdo genera que las cooperativas del pa\u00eds puedan acceder a un material ecol\u00f3gico y a buen precio.<\/p>\n<p>El ministro Ernesto Murro destac\u00f3 que la Asociaci\u00f3n se encuentra tramitando un pr\u00e9stamo del Fondo para el Desarrollo, a partir del cual estos trabajadores fabricar\u00e1n nuevos hornos que permitan mejorar los niveles productivos y adem\u00e1s realizar\u00e1n cerramientos en los lugares de trabajo.<\/p>\n<p>El Instituto Nacional del Cooperativismo, a trav\u00e9s de Gustavo Bernini, se\u00f1al\u00f3 la importancia de que esta asociaci\u00f3n se transforme r\u00e1pidamente en cooperativa, siendo eso uno de los objetivos que los trabajadores presentan, y se encuentran en camino a serlo.<\/p>\n<p>A ra\u00edz de este convenio, adem\u00e1s de permitir que las cooperativas de vivienda obtenengan&nbsp; a costos razonablesmaterias primas de alta calidad, dar\u00e1 trabajo a m\u00e1s de 400 trabajadores de 14 departamentos del Uruguay, formalizando su condici\u00f3n laboral. Tambi\u00e9n se logra eliminar intermediarios.<\/p>\n<p>La asociaci\u00f3n de ladrilleros surge en el marco de la Escuela Nacional de Ladrilleros de Rivera.<\/p>\n<p>&nbsp;<\/p>\n<p>Fotos cortes\u00eda Fucvam<\/p>\n<p>&nbsp;<\/p>\n<p><img loading=\"lazy\" decoding=\"async\" class=\"alignnone size-medium wp-image-2382\" src=\"http:\/\/www.cudecoop.coop\/cudecoop\/wp-content\/uploads\/2019\/03\/firma-fucvam2-300x225.jpg\" alt=\"\" width=\"300\" height=\"225\" srcset=\"http:\/\/www.cudecoop.coop\/cudecoop\/wp-content\/uploads\/2019\/03\/firma-fucvam2-300x225.jpg 300w, http:\/\/www.cudecoop.coop\/cudecoop\/wp-content\/uploads\/2019\/03\/firma-fucvam2-768x576.jpg 768w, http:\/\/www.cudecoop.coop\/cudecoop\/wp-content\/uploads\/2019\/03\/firma-fucvam2-1024x768.jpg 1024w, http:\/\/www.cudecoop.coop\/cudecoop\/wp-content\/uploads\/2019\/03\/firma-fucvam2-24x18.jpg 24w, http:\/\/www.cudecoop.coop\/cudecoop\/wp-content\/uploads\/2019\/03\/firma-fucvam2-36x27.jpg 36w, http:\/\/www.cudecoop.coop\/cudecoop\/wp-content\/uploads\/2019\/03\/firma-fucvam2-48x36.jpg 48w, http:\/\/www.cudecoop.coop\/cudecoop\/wp-content\/uploads\/2019\/03\/firma-fucvam2.jpg 2016w\" sizes=\"auto, (max-width: 300px) 100vw, 300px\" \/><\/p>\n<p>&nbsp;<\/p>\n<p><img loading=\"lazy\" decoding=\"async\" class=\"alignnone size-medium wp-image-2381\" src=\"http:\/\/www.cudecoop.coop\/cudecoop\/wp-content\/uploads\/2019\/03\/firma-fucvam-225x300.jpg\" alt=\"\" width=\"225\" height=\"300\" srcset=\"http:\/\/www.cudecoop.coop\/cudecoop\/wp-content\/uploads\/2019\/03\/firma-fucvam-225x300.jpg 225w, http:\/\/www.cudecoop.coop\/cudecoop\/wp-content\/uploads\/2019\/03\/firma-fucvam-18x24.jpg 18w, http:\/\/www.cudecoop.coop\/cudecoop\/wp-content\/uploads\/2019\/03\/firma-fucvam-27x36.jpg 27w, http:\/\/www.cudecoop.coop\/cudecoop\/wp-content\/uploads\/2019\/03\/firma-fucvam-36x48.jpg 36w, http:\/\/www.cudecoop.coop\/cudecoop\/wp-content\/uploads\/2019\/03\/firma-fucvam.jpg 720w\" sizes=\"auto, (max-width: 225px) 100vw, 225px\" \/><\/p>\n<p>&nbsp;<\/p>\n<p><img loading=\"lazy\" decoding=\"async\" class=\"alignnone size-medium wp-image-2380\" src=\"http:\/\/www.cudecoop.coop\/cudecoop\/wp-content\/uploads\/2019\/03\/firma-fucvam3-300x225.jpg\" alt=\"\" width=\"300\" height=\"225\" srcset=\"http:\/\/www.cudecoop.coop\/cudecoop\/wp-content\/uploads\/2019\/03\/firma-fucvam3-300x225.jpg 300w, http:\/\/www.cudecoop.coop\/cudecoop\/wp-content\/uploads\/2019\/03\/firma-fucvam3-768x576.jpg 768w, http:\/\/www.cudecoop.coop\/cudecoop\/wp-content\/uploads\/2019\/03\/firma-fucvam3-1024x768.jpg 1024w, http:\/\/www.cudecoop.coop\/cudecoop\/wp-content\/uploads\/2019\/03\/firma-fucvam3-24x18.jpg 24w, http:\/\/www.cudecoop.coop\/cudecoop\/wp-content\/uploads\/2019\/03\/firma-fucvam3-36x27.jpg 36w, http:\/\/www.cudecoop.coop\/cudecoop\/wp-content\/uploads\/2019\/03\/firma-fucvam3-48x36.jpg 48w, http:\/\/www.cudecoop.coop\/cudecoop\/wp-content\/uploads\/2019\/03\/firma-fucvam3.jpg 2016w\" sizes=\"auto, (max-width: 300px) 100vw, 300px\" \/><\/p>\n","protected":false},"excerpt":{"rendered":"<p>El martes 12 de marzo, la Federaci\u00f3n Uruguaya de Cooperativas de Vivienda por Ayuda Mutua (FUCVAM),&nbsp; el Ministerio de Trabajo y Seguridad Social<br \/> (MTSS) y el Instituto Nacional del Cooperativismo (INACOOP) firmaron un acuerdo de trabajo con la Asociaci\u00f3n de ladrilleros del Uruguay. Participaron de la firma, el ministro de Trabajo Ernesto Murro,&nbsp; y el presidente de INACOOP Gustavo Bernini. Adem\u00e1s de las autoridades de Fucvam y de la Asociaci\u00f3n. La asociaci\u00f3n civil de ladrilleros &#8220;Sin Fronteras&#8221; se dedica a la elaboraci\u00f3n de ladrillos ecol\u00f3gicos, desarrollando su actividad en 14 departamentos del pa\u00eds. Este acuerdo genera que las cooperativas [&#8230;]<\/p>\n","protected":false},"author":27,"featured_media":2380,"comment_status":"open","ping_status":"open","sticky":false,"template":"","format":"standard","meta":{"_acf_changed":false,"ngg_post_thumbnail":0,"footnotes":""},"categories":[7,1],"tags":[],"class_list":["post-2379","post","type-post","status-publish","format-standard","has-post-thumbnail","hentry","category-cooperativas","category-noticias"],"acf":[],"_links":{"self":[{"href":"http:\/\/www.cudecoop.coop\/cudecoop\/wp-json\/wp\/v2\/posts\/2379","targetHints":{"allow":["GET"]}}],"collection":[{"href":"http:\/\/www.cudecoop.coop\/cudecoop\/wp-json\/wp\/v2\/posts"}],"about":[{"href":"http:\/\/www.cudecoop.coop\/cudecoop\/wp-json\/wp\/v2\/types\/post"}],"author":[{"embeddable":true,"href":"http:\/\/www.cudecoop.coop\/cudecoop\/wp-json\/wp\/v2\/users\/27"}],"replies":[{"embeddable":true,"href":"http:\/\/www.cudecoop.coop\/cudecoop\/wp-json\/wp\/v2\/comments?post=2379"}],"version-history":[{"count":2,"href":"http:\/\/www.cudecoop.coop\/cudecoop\/wp-json\/wp\/v2\/posts\/2379\/revisions"}],"predecessor-version":[{"id":2384,"href":"http:\/\/www.cudecoop.coop\/cudecoop\/wp-json\/wp\/v2\/posts\/2379\/revisions\/2384"}],"wp:featuredmedia":[{"embeddable":true,"href":"http:\/\/www.cudecoop.coop\/cudecoop\/wp-json\/wp\/v2\/media\/2380"}],"wp:attachment":[{"href":"http:\/\/www.cudecoop.coop\/cudecoop\/wp-json\/wp\/v2\/media?parent=2379"}],"wp:term":[{"taxonomy":"category","embeddable":true,"href":"http:\/\/www.cudecoop.coop\/cudecoop\/wp-json\/wp\/v2\/categories?post=2379"},{"taxonomy":"post_tag","embeddable":true,"href":"http:\/\/www.cudecoop.coop\/cudecoop\/wp-json\/wp\/v2\/tags?post=2379"}],"curies":[{"name":"wp","href":"https:\/\/api.w.org\/{rel}","templated":true}]}}