{"id":2372,"date":"2019-03-08T18:08:21","date_gmt":"2019-03-08T18:08:21","guid":{"rendered":"http:\/\/www.cudecoop.coop\/cudecoop\/?p=2372"},"modified":"2019-03-08T18:08:21","modified_gmt":"2019-03-08T18:08:21","slug":"8-de-marzo-mensaje-de-presidencia","status":"publish","type":"post","link":"http:\/\/www.cudecoop.coop\/cudecoop\/8-de-marzo-mensaje-de-presidencia\/","title":{"rendered":"8 de marzo &#8211; Mensaje de presidencia"},"content":{"rendered":"<p>Am\u00e9rica necesita una mayor presencia de mujeres l\u00edderes cooperativas que sean activistas del movimiento y que est\u00e9n en los lugares de gesti\u00f3n de nuestro sector.<\/p>\n<p><img loading=\"lazy\" decoding=\"async\" class=\"alignnone size-medium wp-image-2374\" src=\"http:\/\/www.cudecoop.coop\/cudecoop\/wp-content\/uploads\/2019\/03\/WomenDayGF-300x150.png\" alt=\"\" width=\"300\" height=\"150\" srcset=\"http:\/\/www.cudecoop.coop\/cudecoop\/wp-content\/uploads\/2019\/03\/WomenDayGF-300x150.png 300w, http:\/\/www.cudecoop.coop\/cudecoop\/wp-content\/uploads\/2019\/03\/WomenDayGF-768x384.png 768w, http:\/\/www.cudecoop.coop\/cudecoop\/wp-content\/uploads\/2019\/03\/WomenDayGF.png 1024w, http:\/\/www.cudecoop.coop\/cudecoop\/wp-content\/uploads\/2019\/03\/WomenDayGF-24x12.png 24w, http:\/\/www.cudecoop.coop\/cudecoop\/wp-content\/uploads\/2019\/03\/WomenDayGF-36x18.png 36w, http:\/\/www.cudecoop.coop\/cudecoop\/wp-content\/uploads\/2019\/03\/WomenDayGF-48x24.png 48w\" sizes=\"auto, (max-width: 300px) 100vw, 300px\" \/><\/p>\n<p>Los lugares de representaci\u00f3n en escenarios parlamentarios son ocupados en un 18% por mujeres.<\/p>\n<p>(enero 2016)<\/p>\n<p><img loading=\"lazy\" decoding=\"async\" class=\"alignnone size-medium wp-image-2373\" src=\"http:\/\/www.cudecoop.coop\/cudecoop\/wp-content\/uploads\/2019\/03\/WhatsApp-Image-2019-03-08-at-8.42.07-AM-300x181.jpeg\" alt=\"\" width=\"300\" height=\"181\" srcset=\"http:\/\/www.cudecoop.coop\/cudecoop\/wp-content\/uploads\/2019\/03\/WhatsApp-Image-2019-03-08-at-8.42.07-AM-300x181.jpeg 300w, http:\/\/www.cudecoop.coop\/cudecoop\/wp-content\/uploads\/2019\/03\/WhatsApp-Image-2019-03-08-at-8.42.07-AM-768x464.jpeg 768w, http:\/\/www.cudecoop.coop\/cudecoop\/wp-content\/uploads\/2019\/03\/WhatsApp-Image-2019-03-08-at-8.42.07-AM-1024x619.jpeg 1024w, http:\/\/www.cudecoop.coop\/cudecoop\/wp-content\/uploads\/2019\/03\/WhatsApp-Image-2019-03-08-at-8.42.07-AM-24x15.jpeg 24w, http:\/\/www.cudecoop.coop\/cudecoop\/wp-content\/uploads\/2019\/03\/WhatsApp-Image-2019-03-08-at-8.42.07-AM-36x22.jpeg 36w, http:\/\/www.cudecoop.coop\/cudecoop\/wp-content\/uploads\/2019\/03\/WhatsApp-Image-2019-03-08-at-8.42.07-AM-48x29.jpeg 48w, http:\/\/www.cudecoop.coop\/cudecoop\/wp-content\/uploads\/2019\/03\/WhatsApp-Image-2019-03-08-at-8.42.07-AM.jpeg 1280w\" sizes=\"auto, (max-width: 300px) 100vw, 300px\" \/><\/p>\n","protected":false},"excerpt":{"rendered":"<p>Am\u00e9rica necesita una mayor presencia de mujeres l\u00edderes cooperativas que sean activistas del movimiento y que est\u00e9n en los lugares de gesti\u00f3n de nuestro sector. Los lugares de representaci\u00f3n en escenarios parlamentarios son ocupados en un 18% por mujeres. (enero [&#8230;]<\/p>\n","protected":false},"author":27,"featured_media":2374,"comment_status":"open","ping_status":"open","sticky":false,"template":"","format":"standard","meta":{"_acf_changed":false,"ngg_post_thumbnail":0,"footnotes":""},"categories":[7,6,1],"tags":[],"class_list":["post-2372","post","type-post","status-publish","format-standard","has-post-thumbnail","hentry","category-cooperativas","category-institucionales","category-noticias"],"acf":[],"_links":{"self":[{"href":"http:\/\/www.cudecoop.coop\/cudecoop\/wp-json\/wp\/v2\/posts\/2372","targetHints":{"allow":["GET"]}}],"collection":[{"href":"http:\/\/www.cudecoop.coop\/cudecoop\/wp-json\/wp\/v2\/posts"}],"about":[{"href":"http:\/\/www.cudecoop.coop\/cudecoop\/wp-json\/wp\/v2\/types\/post"}],"author":[{"embeddable":true,"href":"http:\/\/www.cudecoop.coop\/cudecoop\/wp-json\/wp\/v2\/users\/27"}],"replies":[{"embeddable":true,"href":"http:\/\/www.cudecoop.coop\/cudecoop\/wp-json\/wp\/v2\/comments?post=2372"}],"version-history":[{"count":1,"href":"http:\/\/www.cudecoop.coop\/cudecoop\/wp-json\/wp\/v2\/posts\/2372\/revisions"}],"predecessor-version":[{"id":2375,"href":"http:\/\/www.cudecoop.coop\/cudecoop\/wp-json\/wp\/v2\/posts\/2372\/revisions\/2375"}],"wp:featuredmedia":[{"embeddable":true,"href":"http:\/\/www.cudecoop.coop\/cudecoop\/wp-json\/wp\/v2\/media\/2374"}],"wp:attachment":[{"href":"http:\/\/www.cudecoop.coop\/cudecoop\/wp-json\/wp\/v2\/media?parent=2372"}],"wp:term":[{"taxonomy":"category","embeddable":true,"href":"http:\/\/www.cudecoop.coop\/cudecoop\/wp-json\/wp\/v2\/categories?post=2372"},{"taxonomy":"post_tag","embeddable":true,"href":"http:\/\/www.cudecoop.coop\/cudecoop\/wp-json\/wp\/v2\/tags?post=2372"}],"curies":[{"name":"wp","href":"https:\/\/api.w.org\/{rel}","templated":true}]}}