{"id":2367,"date":"2019-03-07T16:10:58","date_gmt":"2019-03-07T16:10:58","guid":{"rendered":"http:\/\/www.cudecoop.coop\/cudecoop\/?p=2367"},"modified":"2019-03-07T16:10:58","modified_gmt":"2019-03-07T16:10:58","slug":"la-lucha-verdadera-es-con-toda-la-sociedad-sin-mujeres-vamos-por-la-mitad","status":"publish","type":"post","link":"http:\/\/www.cudecoop.coop\/cudecoop\/la-lucha-verdadera-es-con-toda-la-sociedad-sin-mujeres-vamos-por-la-mitad\/","title":{"rendered":"&#8220;La lucha verdadera es con toda la sociedad, sin mujeres vamos por la mitad&#8221;"},"content":{"rendered":"<p>En este 8 de marzo que se aproxima queremos saludar a todas las mujeres cooperativistas que d\u00eda a d\u00eda se organizan, discuten, problematizan y luchan cotidianamente por profundizar la fuerza transformadora del cooperativismo en Uruguay. Es importante destacar que el compa\u00f1ero tiene que hacer el cambio con su compa\u00f1era, a su lado ni adelante ni atr\u00e1s.<\/p>\n<p>Desde la Comisi\u00f3n de G\u00e9nero de CUDECOOP venimos trabajando desde hace m\u00e1s de 20 a\u00f1os por visibilizar y disputar las desigualdades de g\u00e9nero que han atravesado al movimiento, as\u00ed como por construir un movimiento cada vez m\u00e1s horizontal e igualitario, como nuestros valores cooperativos proponen.<\/p>\n<p>Celebramos que se multiplique la presencia de las mujeres en el movimiento a lo largo de todo el pa\u00eds y que cada vez seamos m\u00e1s las que reivindicamos y nos encontremos en cada espacio, en cada asamblea, en cada emprendimiento productivo, en cada construcci\u00f3n colectiva. Que tendamos m\u00e1s y m\u00e1s puentes entre todos, que nos encontremos en nuestra diversidad.<\/p>\n<p><strong>Tender puentes<\/strong><\/p>\n<p>Desde la Comisi\u00f3n venimos trabajando activamente sobre las dificultades para la participaci\u00f3n de las mujeres en los espacios de gobernanza en las cooperativas, hemos multiplicado nuestros encuentros, hemos realizado talleres, actividades, nos hemos formado y aprendido de otras, nos hemos encontrado con otras.<\/p>\n<p>Necesitamos profundizar nuestro trabajo conjunto, as\u00ed como tejer v\u00ednculos con otros actores que se orienten hacia la misma b\u00fasqueda, tales como colectivos, instituciones, la academia y los movimientos sociales.<\/p>\n<p>Ello es necesario para generar un urgente intercambio de saberes y pr\u00e1cticas, que nos permitan profundizar el esfuerzo hist\u00f3rico que las mujeres han desplegado para impulsar el desarrollo cooperativo. Nuestra incidencia ha atravesado hist\u00f3ricamente al movimiento cooperativo, y es indispensable que se profundice cada vez m\u00e1s.<\/p>\n<p><strong>Lo que hemos hecho y hacia d\u00f3nde vamos<\/strong><\/p>\n<p>En este recorrido que venimos construyendo juntas hemos visibilizado que es necesario resquebrajar el techo de cristal que nos impide profundizar nuestra participaci\u00f3n, y que para ello se hace imprescindible asumir un compromiso activo de todo el movimiento cooperativo con el fin de transformar los diversos factores que lo impiden.<\/p>\n<p>Evidenciar que sobre nosotras suele recaer el trabajo reproductivo de cuidados, y que ello resulta una limitante para el tiempo del que disponemos para la participaci\u00f3n y el trabajo productivo, nos ha permitido tomar consciencia de que es un desaf\u00edo apremiante el generar dispositivos para desarrollar e impulsar la equidad. El debate por la corresponsabilidad y la distribuci\u00f3n equitativa de cuidados a la interna del movimiento se convierte en una demanda clave para avanzar hacia un cooperativismo igualitario.<\/p>\n<p>Entendemos que debemos comprometernos como cooperativistas con la paridad como un camino indispensable, multiplicando los espacios de encuentro, habilitando el intercambio y la responsabilidad para erradicar todas las formas de violencia \u2013f\u00edsica, material, psicol\u00f3gica y simb\u00f3lica- hacia las mujeres en todos los \u00e1mbitos, as\u00ed como todas las formas de desigualdad que recaen sobre nosotras. La lucha que se viene sosteniendo en torno a la cotitularidad de la vivienda cooperativa es una expresi\u00f3n de este compromiso, que nos desaf\u00eda a multiplicar nuestras propuestas e iniciativas.<\/p>\n<p>Este 8 de marzo esperamos encontrarnos en las diversas marchas y manifestaciones que se llevar\u00e1n adelante en todo el pa\u00eds, compartiendo juntas esta jornada de encuentro, reflexi\u00f3n y lucha.<\/p>\n<p><strong>&#8220;La lucha verdadera es con toda la sociedad, sin mujeres vamos por la mitad&#8221;<\/strong><\/p>\n<p>Comisi\u00f3n de G\u00e9nero de la Confederaci\u00f3n Uruguaya de Entidades Cooperativas<\/p>\n<p><img loading=\"lazy\" decoding=\"async\" class=\"alignnone size-medium wp-image-2368\" src=\"http:\/\/www.cudecoop.coop\/cudecoop\/wp-content\/uploads\/2019\/03\/8_de_marzo_2019_Comisi\u00f3n_de_g\u00e9nero-300x225.png\" alt=\"\" width=\"300\" height=\"225\" srcset=\"http:\/\/www.cudecoop.coop\/cudecoop\/wp-content\/uploads\/2019\/03\/8_de_marzo_2019_Comisi\u00f3n_de_g\u00e9nero-300x225.png 300w, http:\/\/www.cudecoop.coop\/cudecoop\/wp-content\/uploads\/2019\/03\/8_de_marzo_2019_Comisi\u00f3n_de_g\u00e9nero-768x576.png 768w, http:\/\/www.cudecoop.coop\/cudecoop\/wp-content\/uploads\/2019\/03\/8_de_marzo_2019_Comisi\u00f3n_de_g\u00e9nero-24x18.png 24w, http:\/\/www.cudecoop.coop\/cudecoop\/wp-content\/uploads\/2019\/03\/8_de_marzo_2019_Comisi\u00f3n_de_g\u00e9nero-36x27.png 36w, http:\/\/www.cudecoop.coop\/cudecoop\/wp-content\/uploads\/2019\/03\/8_de_marzo_2019_Comisi\u00f3n_de_g\u00e9nero-48x36.png 48w, http:\/\/www.cudecoop.coop\/cudecoop\/wp-content\/uploads\/2019\/03\/8_de_marzo_2019_Comisi\u00f3n_de_g\u00e9nero.png 960w\" sizes=\"auto, (max-width: 300px) 100vw, 300px\" \/><\/p>\n","protected":false},"excerpt":{"rendered":"<p>En este 8 de marzo que se aproxima queremos saludar a todas las mujeres cooperativistas que d\u00eda a d\u00eda se organizan, discuten, problematizan y luchan cotidianamente por profundizar la fuerza transformadora del cooperativismo en Uruguay. Es importante destacar que el compa\u00f1ero tiene que hacer el cambio con su compa\u00f1era, a su lado ni adelante ni atr\u00e1s. Desde la Comisi\u00f3n de G\u00e9nero de CUDECOOP venimos trabajando desde hace m\u00e1s de 20 a\u00f1os por visibilizar y disputar las desigualdades de g\u00e9nero que han atravesado al movimiento, as\u00ed como por construir un movimiento cada vez m\u00e1s horizontal e igualitario, como nuestros valores cooperativos [&#8230;]<\/p>\n","protected":false},"author":27,"featured_media":2368,"comment_status":"open","ping_status":"open","sticky":false,"template":"","format":"standard","meta":{"_acf_changed":false,"ngg_post_thumbnail":0,"footnotes":""},"categories":[7,6,1],"tags":[],"class_list":["post-2367","post","type-post","status-publish","format-standard","has-post-thumbnail","hentry","category-cooperativas","category-institucionales","category-noticias"],"acf":[],"_links":{"self":[{"href":"http:\/\/www.cudecoop.coop\/cudecoop\/wp-json\/wp\/v2\/posts\/2367","targetHints":{"allow":["GET"]}}],"collection":[{"href":"http:\/\/www.cudecoop.coop\/cudecoop\/wp-json\/wp\/v2\/posts"}],"about":[{"href":"http:\/\/www.cudecoop.coop\/cudecoop\/wp-json\/wp\/v2\/types\/post"}],"author":[{"embeddable":true,"href":"http:\/\/www.cudecoop.coop\/cudecoop\/wp-json\/wp\/v2\/users\/27"}],"replies":[{"embeddable":true,"href":"http:\/\/www.cudecoop.coop\/cudecoop\/wp-json\/wp\/v2\/comments?post=2367"}],"version-history":[{"count":1,"href":"http:\/\/www.cudecoop.coop\/cudecoop\/wp-json\/wp\/v2\/posts\/2367\/revisions"}],"predecessor-version":[{"id":2369,"href":"http:\/\/www.cudecoop.coop\/cudecoop\/wp-json\/wp\/v2\/posts\/2367\/revisions\/2369"}],"wp:featuredmedia":[{"embeddable":true,"href":"http:\/\/www.cudecoop.coop\/cudecoop\/wp-json\/wp\/v2\/media\/2368"}],"wp:attachment":[{"href":"http:\/\/www.cudecoop.coop\/cudecoop\/wp-json\/wp\/v2\/media?parent=2367"}],"wp:term":[{"taxonomy":"category","embeddable":true,"href":"http:\/\/www.cudecoop.coop\/cudecoop\/wp-json\/wp\/v2\/categories?post=2367"},{"taxonomy":"post_tag","embeddable":true,"href":"http:\/\/www.cudecoop.coop\/cudecoop\/wp-json\/wp\/v2\/tags?post=2367"}],"curies":[{"name":"wp","href":"https:\/\/api.w.org\/{rel}","templated":true}]}}