{"id":2348,"date":"2019-02-26T20:41:37","date_gmt":"2019-02-26T20:41:37","guid":{"rendered":"http:\/\/www.cudecoop.coop\/cudecoop\/?p=2348"},"modified":"2019-02-26T20:42:01","modified_gmt":"2019-02-26T20:42:01","slug":"3er-ano-de-planificacion-estrategica-entre-cudecoop-e-inacoop","status":"publish","type":"post","link":"http:\/\/www.cudecoop.coop\/cudecoop\/3er-ano-de-planificacion-estrategica-entre-cudecoop-e-inacoop\/","title":{"rendered":"3er a\u00f1o de Planificaci\u00f3n Estrat\u00e9gica entre CUDECOOP e INACOOP"},"content":{"rendered":"<p>Por tercer a\u00f1o consecutivo, se reunieron integrantes de las organizaciones para trabajar en una jornada de intercambio estrat\u00e9gico con la finalidad de afianzar el trabajo que se viene desarrollando en los \u00faltimos a\u00f1os.&nbsp;<\/p>\n<p>El presidente del Instituto Nacional del Cooperativismo, INACOOP, Gustavo Bernini, evalu\u00f3 muy positivamente poder contar con un espacio de di\u00e1logo de este tipo, valorando los avances que se vienen desarrollando en las distintas acciones para la promoci\u00f3n del sector.&nbsp;<\/p>\n<p>Se\u00f1al\u00f3 tambi\u00e9n que 2019 ser\u00e1 un a\u00f1o particular, ya que se trata del \u00faltimo de la actual gesti\u00f3n de parte de este gobierno, por tanto se centrar\u00e1n en consolidar las iniciativas ya puestas en marcha, proyectadas desde el Instituto.&nbsp;<\/p>\n<p>Por otro lado, Graciela Fern\u00e1ndez, presidenta de la Confederaci\u00f3n, desarroll\u00f3 un extenso an\u00e1lisis sobre los avances a nivel de las pol\u00edticas p\u00fablicas , y a nivel del conjunto del Movimiento Cooperativo Nacional.&nbsp; Destacando la importancia de generar acuerdos que permitan fortalecer la acci\u00f3n del movimiento organizado, con perspectiva de mediano y largo plazo.&nbsp;<\/p>\n<p>Destac\u00f3 tambi\u00e9n el gran impacto de los acuerdos de Fortalecimiento Gremial, del trabajo realizado a nivel territorial y el gran reconocimiento internacional que ha ido adquiriendo el cooperativismo uruguayo.&nbsp;<\/p>\n<p>Para seguir alineados, la Confederaci\u00f3n dej\u00f3 al directorio de Inacoop un documento con lineamientos que emergen del proceso de planificaci\u00f3n en marcha de la organizaci\u00f3n, reconoci\u00e9ndose un importante grado de acuerdo para las acciones en este per\u00edodo.<\/p>\n<p>Las im\u00e1genes son cortes\u00eda de INACOOP<\/p>\n<!-- index.php -->\n<div\n\tclass=\"ngg-galleryoverview\n\t ngg-ajax-pagination-none\t\"\n\tid=\"ngg-gallery-15c8901deebee778cba34d32ee6cc4b3-1\">\n\n\t\t<div class=\"slideshowlink\">\n\t\t<a href='http:\/\/www.cudecoop.coop\/cudecoop\/3er-ano-de-planificacion-estrategica-entre-cudecoop-e-inacoop\/nggallery\/slideshow'>&#091;Show slideshow&#093;<\/a>\n\t\t\n\t<\/div>\n\t\t\t<!-- Thumbnails -->\n\t\t\t\t<div id=\"ngg-image-0\" class=\"ngg-gallery-thumbnail-box\" \n\t\t\t\t\t\t\t\t\t\t\t>\n\t\t\t\t\t\t<div class=\"ngg-gallery-thumbnail\">\n\t\t\t<a href=\"http:\/\/www.cudecoop.coop\/cudecoop\/wp-content\/gallery\/jornada-cudecoop-inacoop-2019\/1.jpg\"\n\t\t\t\ttitle=\"\"\n\t\t\t\tdata-src=\"http:\/\/www.cudecoop.coop\/cudecoop\/wp-content\/gallery\/jornada-cudecoop-inacoop-2019\/1.jpg\"\n\t\t\t\tdata-thumbnail=\"http:\/\/www.cudecoop.coop\/cudecoop\/wp-content\/gallery\/jornada-cudecoop-inacoop-2019\/thumbs\/thumbs_1.jpg\"\n\t\t\t\tdata-image-id=\"75\"\n\t\t\t\tdata-title=\"1\"\n\t\t\t\tdata-description=\"\"\n\t\t\t\tdata-image-slug=\"1-1\"\n\t\t\t\tclass=\"ngg-fancybox\" rel=\"15c8901deebee778cba34d32ee6cc4b3\">\n\t\t\t\t<img\n\t\t\t\t\ttitle=\"1\"\n\t\t\t\t\talt=\"1\"\n\t\t\t\t\tsrc=\"http:\/\/www.cudecoop.coop\/cudecoop\/wp-content\/gallery\/jornada-cudecoop-inacoop-2019\/thumbs\/thumbs_1.jpg\"\n\t\t\t\t\twidth=\"240\"\n\t\t\t\t\theight=\"160\"\n\t\t\t\t\tstyle=\"max-width:100%;\"\n\t\t\t\t\/>\n\t\t\t<\/a>\n\t\t<\/div>\n\t\t\t\t\t\t\t<\/div> \n\t\t\t\n\t\t\n\t\t\t\t<div id=\"ngg-image-1\" class=\"ngg-gallery-thumbnail-box\" \n\t\t\t\t\t\t\t\t\t\t\t>\n\t\t\t\t\t\t<div class=\"ngg-gallery-thumbnail\">\n\t\t\t<a href=\"http:\/\/www.cudecoop.coop\/cudecoop\/wp-content\/gallery\/jornada-cudecoop-inacoop-2019\/2.jpg\"\n\t\t\t\ttitle=\"\"\n\t\t\t\tdata-src=\"http:\/\/www.cudecoop.coop\/cudecoop\/wp-content\/gallery\/jornada-cudecoop-inacoop-2019\/2.jpg\"\n\t\t\t\tdata-thumbnail=\"http:\/\/www.cudecoop.coop\/cudecoop\/wp-content\/gallery\/jornada-cudecoop-inacoop-2019\/thumbs\/thumbs_2.jpg\"\n\t\t\t\tdata-image-id=\"76\"\n\t\t\t\tdata-title=\"2\"\n\t\t\t\tdata-description=\"\"\n\t\t\t\tdata-image-slug=\"2-1\"\n\t\t\t\tclass=\"ngg-fancybox\" rel=\"15c8901deebee778cba34d32ee6cc4b3\">\n\t\t\t\t<img\n\t\t\t\t\ttitle=\"2\"\n\t\t\t\t\talt=\"2\"\n\t\t\t\t\tsrc=\"http:\/\/www.cudecoop.coop\/cudecoop\/wp-content\/gallery\/jornada-cudecoop-inacoop-2019\/thumbs\/thumbs_2.jpg\"\n\t\t\t\t\twidth=\"240\"\n\t\t\t\t\theight=\"160\"\n\t\t\t\t\tstyle=\"max-width:100%;\"\n\t\t\t\t\/>\n\t\t\t<\/a>\n\t\t<\/div>\n\t\t\t\t\t\t\t<\/div> \n\t\t\t\n\t\t\n\t\t\t\t<div id=\"ngg-image-2\" class=\"ngg-gallery-thumbnail-box\" \n\t\t\t\t\t\t\t\t\t\t\t>\n\t\t\t\t\t\t<div class=\"ngg-gallery-thumbnail\">\n\t\t\t<a href=\"http:\/\/www.cudecoop.coop\/cudecoop\/wp-content\/gallery\/jornada-cudecoop-inacoop-2019\/3.jpg\"\n\t\t\t\ttitle=\"\"\n\t\t\t\tdata-src=\"http:\/\/www.cudecoop.coop\/cudecoop\/wp-content\/gallery\/jornada-cudecoop-inacoop-2019\/3.jpg\"\n\t\t\t\tdata-thumbnail=\"http:\/\/www.cudecoop.coop\/cudecoop\/wp-content\/gallery\/jornada-cudecoop-inacoop-2019\/thumbs\/thumbs_3.jpg\"\n\t\t\t\tdata-image-id=\"77\"\n\t\t\t\tdata-title=\"3\"\n\t\t\t\tdata-description=\"\"\n\t\t\t\tdata-image-slug=\"3-1\"\n\t\t\t\tclass=\"ngg-fancybox\" rel=\"15c8901deebee778cba34d32ee6cc4b3\">\n\t\t\t\t<img\n\t\t\t\t\ttitle=\"3\"\n\t\t\t\t\talt=\"3\"\n\t\t\t\t\tsrc=\"http:\/\/www.cudecoop.coop\/cudecoop\/wp-content\/gallery\/jornada-cudecoop-inacoop-2019\/thumbs\/thumbs_3.jpg\"\n\t\t\t\t\twidth=\"240\"\n\t\t\t\t\theight=\"160\"\n\t\t\t\t\tstyle=\"max-width:100%;\"\n\t\t\t\t\/>\n\t\t\t<\/a>\n\t\t<\/div>\n\t\t\t\t\t\t\t<\/div> \n\t\t\t\n\t\t\n\t\t\t\t<div id=\"ngg-image-3\" class=\"ngg-gallery-thumbnail-box\" \n\t\t\t\t\t\t\t\t\t\t\t>\n\t\t\t\t\t\t<div class=\"ngg-gallery-thumbnail\">\n\t\t\t<a href=\"http:\/\/www.cudecoop.coop\/cudecoop\/wp-content\/gallery\/jornada-cudecoop-inacoop-2019\/4.jpg\"\n\t\t\t\ttitle=\"\"\n\t\t\t\tdata-src=\"http:\/\/www.cudecoop.coop\/cudecoop\/wp-content\/gallery\/jornada-cudecoop-inacoop-2019\/4.jpg\"\n\t\t\t\tdata-thumbnail=\"http:\/\/www.cudecoop.coop\/cudecoop\/wp-content\/gallery\/jornada-cudecoop-inacoop-2019\/thumbs\/thumbs_4.jpg\"\n\t\t\t\tdata-image-id=\"78\"\n\t\t\t\tdata-title=\"4\"\n\t\t\t\tdata-description=\"\"\n\t\t\t\tdata-image-slug=\"4\"\n\t\t\t\tclass=\"ngg-fancybox\" rel=\"15c8901deebee778cba34d32ee6cc4b3\">\n\t\t\t\t<img\n\t\t\t\t\ttitle=\"4\"\n\t\t\t\t\talt=\"4\"\n\t\t\t\t\tsrc=\"http:\/\/www.cudecoop.coop\/cudecoop\/wp-content\/gallery\/jornada-cudecoop-inacoop-2019\/thumbs\/thumbs_4.jpg\"\n\t\t\t\t\twidth=\"240\"\n\t\t\t\t\theight=\"160\"\n\t\t\t\t\tstyle=\"max-width:100%;\"\n\t\t\t\t\/>\n\t\t\t<\/a>\n\t\t<\/div>\n\t\t\t\t\t\t\t<\/div> \n\t\t\t\n\t\t\n\t\t\t\t<div id=\"ngg-image-4\" class=\"ngg-gallery-thumbnail-box\" \n\t\t\t\t\t\t\t\t\t\t\t>\n\t\t\t\t\t\t<div class=\"ngg-gallery-thumbnail\">\n\t\t\t<a href=\"http:\/\/www.cudecoop.coop\/cudecoop\/wp-content\/gallery\/jornada-cudecoop-inacoop-2019\/5.jpg\"\n\t\t\t\ttitle=\"\"\n\t\t\t\tdata-src=\"http:\/\/www.cudecoop.coop\/cudecoop\/wp-content\/gallery\/jornada-cudecoop-inacoop-2019\/5.jpg\"\n\t\t\t\tdata-thumbnail=\"http:\/\/www.cudecoop.coop\/cudecoop\/wp-content\/gallery\/jornada-cudecoop-inacoop-2019\/thumbs\/thumbs_5.jpg\"\n\t\t\t\tdata-image-id=\"79\"\n\t\t\t\tdata-title=\"5\"\n\t\t\t\tdata-description=\"\"\n\t\t\t\tdata-image-slug=\"5\"\n\t\t\t\tclass=\"ngg-fancybox\" rel=\"15c8901deebee778cba34d32ee6cc4b3\">\n\t\t\t\t<img\n\t\t\t\t\ttitle=\"5\"\n\t\t\t\t\talt=\"5\"\n\t\t\t\t\tsrc=\"http:\/\/www.cudecoop.coop\/cudecoop\/wp-content\/gallery\/jornada-cudecoop-inacoop-2019\/thumbs\/thumbs_5.jpg\"\n\t\t\t\t\twidth=\"240\"\n\t\t\t\t\theight=\"160\"\n\t\t\t\t\tstyle=\"max-width:100%;\"\n\t\t\t\t\/>\n\t\t\t<\/a>\n\t\t<\/div>\n\t\t\t\t\t\t\t<\/div> \n\t\t\t\n\t\t\n\t\t\t\t<div id=\"ngg-image-5\" class=\"ngg-gallery-thumbnail-box\" \n\t\t\t\t\t\t\t\t\t\t\t>\n\t\t\t\t\t\t<div class=\"ngg-gallery-thumbnail\">\n\t\t\t<a href=\"http:\/\/www.cudecoop.coop\/cudecoop\/wp-content\/gallery\/jornada-cudecoop-inacoop-2019\/6.jpg\"\n\t\t\t\ttitle=\"\"\n\t\t\t\tdata-src=\"http:\/\/www.cudecoop.coop\/cudecoop\/wp-content\/gallery\/jornada-cudecoop-inacoop-2019\/6.jpg\"\n\t\t\t\tdata-thumbnail=\"http:\/\/www.cudecoop.coop\/cudecoop\/wp-content\/gallery\/jornada-cudecoop-inacoop-2019\/thumbs\/thumbs_6.jpg\"\n\t\t\t\tdata-image-id=\"80\"\n\t\t\t\tdata-title=\"6\"\n\t\t\t\tdata-description=\"\"\n\t\t\t\tdata-image-slug=\"6\"\n\t\t\t\tclass=\"ngg-fancybox\" rel=\"15c8901deebee778cba34d32ee6cc4b3\">\n\t\t\t\t<img\n\t\t\t\t\ttitle=\"6\"\n\t\t\t\t\talt=\"6\"\n\t\t\t\t\tsrc=\"http:\/\/www.cudecoop.coop\/cudecoop\/wp-content\/gallery\/jornada-cudecoop-inacoop-2019\/thumbs\/thumbs_6.jpg\"\n\t\t\t\t\twidth=\"240\"\n\t\t\t\t\theight=\"160\"\n\t\t\t\t\tstyle=\"max-width:100%;\"\n\t\t\t\t\/>\n\t\t\t<\/a>\n\t\t<\/div>\n\t\t\t\t\t\t\t<\/div> \n\t\t\t\n\t\t\n\t\t\n\t\t<!-- Pagination -->\n\t\t<div class='ngg-clear'><\/div>\t<\/div>\n\n","protected":false},"excerpt":{"rendered":"<p>Por tercer a\u00f1o consecutivo, se reunieron integrantes de las organizaciones para trabajar en una jornada de intercambio estrat\u00e9gico con la finalidad de afianzar el trabajo que se viene desarrollando en los \u00faltimos a\u00f1os.&nbsp; El presidente del Instituto Nacional del Cooperativismo, INACOOP, Gustavo Bernini, evalu\u00f3 muy positivamente poder contar con un espacio de di\u00e1logo de este tipo, valorando los avances que se vienen desarrollando en las distintas acciones para la promoci\u00f3n del sector.&nbsp; Se\u00f1al\u00f3 tambi\u00e9n que 2019 ser\u00e1 un a\u00f1o particular, ya que se trata del \u00faltimo de la actual gesti\u00f3n de parte de este gobierno, por tanto se centrar\u00e1n en [&#8230;]<\/p>\n","protected":false},"author":27,"featured_media":2349,"comment_status":"open","ping_status":"open","sticky":false,"template":"","format":"standard","meta":{"_acf_changed":false,"ngg_post_thumbnail":0,"footnotes":""},"categories":[7,6,1],"tags":[],"class_list":["post-2348","post","type-post","status-publish","format-standard","has-post-thumbnail","hentry","category-cooperativas","category-institucionales","category-noticias"],"acf":[],"_links":{"self":[{"href":"http:\/\/www.cudecoop.coop\/cudecoop\/wp-json\/wp\/v2\/posts\/2348","targetHints":{"allow":["GET"]}}],"collection":[{"href":"http:\/\/www.cudecoop.coop\/cudecoop\/wp-json\/wp\/v2\/posts"}],"about":[{"href":"http:\/\/www.cudecoop.coop\/cudecoop\/wp-json\/wp\/v2\/types\/post"}],"author":[{"embeddable":true,"href":"http:\/\/www.cudecoop.coop\/cudecoop\/wp-json\/wp\/v2\/users\/27"}],"replies":[{"embeddable":true,"href":"http:\/\/www.cudecoop.coop\/cudecoop\/wp-json\/wp\/v2\/comments?post=2348"}],"version-history":[{"count":2,"href":"http:\/\/www.cudecoop.coop\/cudecoop\/wp-json\/wp\/v2\/posts\/2348\/revisions"}],"predecessor-version":[{"id":2365,"href":"http:\/\/www.cudecoop.coop\/cudecoop\/wp-json\/wp\/v2\/posts\/2348\/revisions\/2365"}],"wp:featuredmedia":[{"embeddable":true,"href":"http:\/\/www.cudecoop.coop\/cudecoop\/wp-json\/wp\/v2\/media\/2349"}],"wp:attachment":[{"href":"http:\/\/www.cudecoop.coop\/cudecoop\/wp-json\/wp\/v2\/media?parent=2348"}],"wp:term":[{"taxonomy":"category","embeddable":true,"href":"http:\/\/www.cudecoop.coop\/cudecoop\/wp-json\/wp\/v2\/categories?post=2348"},{"taxonomy":"post_tag","embeddable":true,"href":"http:\/\/www.cudecoop.coop\/cudecoop\/wp-json\/wp\/v2\/tags?post=2348"}],"curies":[{"name":"wp","href":"https:\/\/api.w.org\/{rel}","templated":true}]}}