{"id":2319,"date":"2019-02-21T19:36:21","date_gmt":"2019-02-21T19:36:21","guid":{"rendered":"http:\/\/www.cudecoop.coop\/cudecoop\/?p=2319"},"modified":"2019-02-21T19:36:21","modified_gmt":"2019-02-21T19:36:21","slug":"invitacion-a-graciela-fernandez","status":"publish","type":"post","link":"http:\/\/www.cudecoop.coop\/cudecoop\/invitacion-a-graciela-fernandez\/","title":{"rendered":"Invitaci\u00f3n a Graciela Fern\u00e1ndez"},"content":{"rendered":"<p>Nuestra Presidenta en calidad de Presidenta de Cooperativas de las Am\u00e9ricas y Vicepresidenta de la Alianza Cooperativa Internacional fue convocada a participar del pr\u00f3ximo Consejo de Administraci\u00f3n, que se llevar\u00e1 a cabo entre el 26 y 29 de marzo en Matera.<\/p>\n<p>Adjuntamos la carta invitaci\u00f3n recibida donde se detallan las actividades para la cual se la convoca,&nbsp;donde se tratar\u00e1n temas de relevancia para el desarrollo del sector cooperativo internacional.<del>\u0101<\/del><\/p>\n<p>&nbsp;<\/p>\n<p>&nbsp;<\/p>\n<p><a href=\"http:\/\/www.cudecoop.coop\/cudecoop\/wp-content\/uploads\/2019\/02\/Carta-Convocatoria-Dra-Fernandez-marzo2019.doc\">Carta Convocatoria Dra Fernandez marzo2019<\/a><\/p>\n","protected":false},"excerpt":{"rendered":"<p>Nuestra Presidenta en calidad de Presidenta de Cooperativas de las Am\u00e9ricas y Vicepresidenta de la Alianza Cooperativa Internacional fue convocada a participar del pr\u00f3ximo Consejo de Administraci\u00f3n, que se llevar\u00e1 a cabo entre el 26 y 29 de marzo en Matera. Adjuntamos la carta invitaci\u00f3n recibida donde se detallan las actividades para la cual se la convoca,&nbsp;donde se tratar\u00e1n temas de relevancia para el desarrollo del sector cooperativo internacional.\u0101 &nbsp; &nbsp; Carta Convocatoria Dra Fernandez [&#8230;]<\/p>\n","protected":false},"author":27,"featured_media":2152,"comment_status":"open","ping_status":"open","sticky":false,"template":"","format":"standard","meta":{"_acf_changed":false,"ngg_post_thumbnail":0,"footnotes":""},"categories":[7,6,1],"tags":[],"class_list":["post-2319","post","type-post","status-publish","format-standard","has-post-thumbnail","hentry","category-cooperativas","category-institucionales","category-noticias"],"acf":[],"_links":{"self":[{"href":"http:\/\/www.cudecoop.coop\/cudecoop\/wp-json\/wp\/v2\/posts\/2319","targetHints":{"allow":["GET"]}}],"collection":[{"href":"http:\/\/www.cudecoop.coop\/cudecoop\/wp-json\/wp\/v2\/posts"}],"about":[{"href":"http:\/\/www.cudecoop.coop\/cudecoop\/wp-json\/wp\/v2\/types\/post"}],"author":[{"embeddable":true,"href":"http:\/\/www.cudecoop.coop\/cudecoop\/wp-json\/wp\/v2\/users\/27"}],"replies":[{"embeddable":true,"href":"http:\/\/www.cudecoop.coop\/cudecoop\/wp-json\/wp\/v2\/comments?post=2319"}],"version-history":[{"count":1,"href":"http:\/\/www.cudecoop.coop\/cudecoop\/wp-json\/wp\/v2\/posts\/2319\/revisions"}],"predecessor-version":[{"id":2322,"href":"http:\/\/www.cudecoop.coop\/cudecoop\/wp-json\/wp\/v2\/posts\/2319\/revisions\/2322"}],"wp:featuredmedia":[{"embeddable":true,"href":"http:\/\/www.cudecoop.coop\/cudecoop\/wp-json\/wp\/v2\/media\/2152"}],"wp:attachment":[{"href":"http:\/\/www.cudecoop.coop\/cudecoop\/wp-json\/wp\/v2\/media?parent=2319"}],"wp:term":[{"taxonomy":"category","embeddable":true,"href":"http:\/\/www.cudecoop.coop\/cudecoop\/wp-json\/wp\/v2\/categories?post=2319"},{"taxonomy":"post_tag","embeddable":true,"href":"http:\/\/www.cudecoop.coop\/cudecoop\/wp-json\/wp\/v2\/tags?post=2319"}],"curies":[{"name":"wp","href":"https:\/\/api.w.org\/{rel}","templated":true}]}}