{"id":2315,"date":"2019-02-21T12:55:30","date_gmt":"2019-02-21T12:55:30","guid":{"rendered":"http:\/\/www.cudecoop.coop\/cudecoop\/?p=2315"},"modified":"2019-02-22T16:37:58","modified_gmt":"2019-02-22T16:37:58","slug":"comunicado-de-prensa-de-apoyo-a-la-movilizacion-de-fucvam","status":"publish","type":"post","link":"http:\/\/www.cudecoop.coop\/cudecoop\/comunicado-de-prensa-de-apoyo-a-la-movilizacion-de-fucvam\/","title":{"rendered":"Comunicado de Prensa de apoyo a la movilizaci\u00f3n de FUCVAM"},"content":{"rendered":"<p style=\"font-weight: 400;\">Desde la Confederaci\u00f3n Uruguaya de Entidades Cooperativas (CUDECOOP) nos solidarizamos con la lucha por la reivindicaci\u00f3n que las cooperativas de vivienda realizan por llevar a un 2% la tasa de inter\u00e9s que pagan por los pr\u00e9stamos a la vivienda.<\/p>\n<p style=\"font-weight: 400;\">Animamos a cooperativistas del pa\u00eds a seguir colaborando con los caminantes que enfrentar\u00e1n un exigente desaf\u00edo f\u00edsico, que no deja lugar a dudas respecto a la determinaci\u00f3n de sus convicciones.<\/p>\n<p style=\"font-weight: 400;\">Reconocemos los grandes avances que han existido en las pol\u00edticas p\u00fablicas hacia el sector en los \u00faltimos a\u00f1os, pero entendemos leg\u00edtima la preocupaci\u00f3n que los cooperativistas de vivienda plantean respecto a la necesidad de asegurar mejoras en el sistema de financiamiento a la vivienda popular, en particular a la cooperativa, garantizando las posibilidades de pago de sus asociados, disminuyendo el uso de subsidios a la permanencia, y construyendo la sostenibilidad financiera a largo plazo.<\/p>\n<p style=\"font-weight: 400;\">Sabemos que el di\u00e1logo es la \u00fanica forma de llegar a mejores resultados en t\u00e9rminos de soluciones efectivas. Por ello solicitamos a las autoridades del Ministerio de Vivienda, Ordenamiento Territorial y Medio Ambiente (MVOTMA) redoblar su esfuerzo para retomar el di\u00e1logo al m\u00e1s alto nivel.<\/p>\n<p style=\"font-weight: 400;\">&nbsp;<\/p>\n<p style=\"font-weight: 400;\">Comit\u00e9 Ejecutivo de CUDECOOP<\/p>\n<p style=\"font-weight: 400;\">21 de febrero de 2019<\/p>\n<p>&nbsp;<\/p>\n<p>&nbsp;<\/p>\n<p>Foto de portada: Cooperativa Ad-Hoc fot\u00f3grafos<\/p>\n<p>Fotos del \u00e1lbum: Alejandro Mun\u00edz &#8211; FUCVAM<\/p>\n<p>&nbsp;<\/p>\n<!-- index.php -->\n<div\n\tclass=\"ngg-galleryoverview\n\t ngg-ajax-pagination-none\t\"\n\tid=\"ngg-gallery-1b9c96b8ea3bf5aad802467c2aa4744f-1\">\n\n\t\t<div class=\"slideshowlink\">\n\t\t<a href='http:\/\/www.cudecoop.coop\/cudecoop\/comunicado-de-prensa-de-apoyo-a-la-movilizacion-de-fucvam\/nggallery\/slideshow'>&#091;Show slideshow&#093;<\/a>\n\t\t\n\t<\/div>\n\t\t\t<!-- Thumbnails -->\n\t\t\t\t<div id=\"ngg-image-0\" class=\"ngg-gallery-thumbnail-box\" \n\t\t\t\t\t\t\t\t\t\t\t>\n\t\t\t\t\t\t<div class=\"ngg-gallery-thumbnail\">\n\t\t\t<a href=\"http:\/\/www.cudecoop.coop\/cudecoop\/wp-content\/gallery\/marcha-a-punta-del-este\/20130307_154530.jpg\"\n\t\t\t\ttitle=\"\"\n\t\t\t\tdata-src=\"http:\/\/www.cudecoop.coop\/cudecoop\/wp-content\/gallery\/marcha-a-punta-del-este\/20130307_154530.jpg\"\n\t\t\t\tdata-thumbnail=\"http:\/\/www.cudecoop.coop\/cudecoop\/wp-content\/gallery\/marcha-a-punta-del-este\/thumbs\/thumbs_20130307_154530.jpg\"\n\t\t\t\tdata-image-id=\"67\"\n\t\t\t\tdata-title=\"20130307_154530\"\n\t\t\t\tdata-description=\"\"\n\t\t\t\tdata-image-slug=\"20130307_154530\"\n\t\t\t\tclass=\"ngg-fancybox\" rel=\"1b9c96b8ea3bf5aad802467c2aa4744f\">\n\t\t\t\t<img\n\t\t\t\t\ttitle=\"20130307_154530\"\n\t\t\t\t\talt=\"20130307_154530\"\n\t\t\t\t\tsrc=\"http:\/\/www.cudecoop.coop\/cudecoop\/wp-content\/gallery\/marcha-a-punta-del-este\/thumbs\/thumbs_20130307_154530.jpg\"\n\t\t\t\t\twidth=\"240\"\n\t\t\t\t\theight=\"160\"\n\t\t\t\t\tstyle=\"max-width:100%;\"\n\t\t\t\t\/>\n\t\t\t<\/a>\n\t\t<\/div>\n\t\t\t\t\t\t\t<\/div> \n\t\t\t\n\t\t\n\t\t\t\t<div id=\"ngg-image-1\" class=\"ngg-gallery-thumbnail-box\" \n\t\t\t\t\t\t\t\t\t\t\t>\n\t\t\t\t\t\t<div class=\"ngg-gallery-thumbnail\">\n\t\t\t<a href=\"http:\/\/www.cudecoop.coop\/cudecoop\/wp-content\/gallery\/marcha-a-punta-del-este\/52297946_2133918633341263_4212638279083753472_n.jpg\"\n\t\t\t\ttitle=\"\"\n\t\t\t\tdata-src=\"http:\/\/www.cudecoop.coop\/cudecoop\/wp-content\/gallery\/marcha-a-punta-del-este\/52297946_2133918633341263_4212638279083753472_n.jpg\"\n\t\t\t\tdata-thumbnail=\"http:\/\/www.cudecoop.coop\/cudecoop\/wp-content\/gallery\/marcha-a-punta-del-este\/thumbs\/thumbs_52297946_2133918633341263_4212638279083753472_n.jpg\"\n\t\t\t\tdata-image-id=\"68\"\n\t\t\t\tdata-title=\"52297946_2133918633341263_4212638279083753472_n\"\n\t\t\t\tdata-description=\"\"\n\t\t\t\tdata-image-slug=\"52297946_2133918633341263_4212638279083753472_n\"\n\t\t\t\tclass=\"ngg-fancybox\" rel=\"1b9c96b8ea3bf5aad802467c2aa4744f\">\n\t\t\t\t<img\n\t\t\t\t\ttitle=\"52297946_2133918633341263_4212638279083753472_n\"\n\t\t\t\t\talt=\"52297946_2133918633341263_4212638279083753472_n\"\n\t\t\t\t\tsrc=\"http:\/\/www.cudecoop.coop\/cudecoop\/wp-content\/gallery\/marcha-a-punta-del-este\/thumbs\/thumbs_52297946_2133918633341263_4212638279083753472_n.jpg\"\n\t\t\t\t\twidth=\"240\"\n\t\t\t\t\theight=\"160\"\n\t\t\t\t\tstyle=\"max-width:100%;\"\n\t\t\t\t\/>\n\t\t\t<\/a>\n\t\t<\/div>\n\t\t\t\t\t\t\t<\/div> \n\t\t\t\n\t\t\n\t\t\t\t<div id=\"ngg-image-2\" class=\"ngg-gallery-thumbnail-box\" \n\t\t\t\t\t\t\t\t\t\t\t>\n\t\t\t\t\t\t<div class=\"ngg-gallery-thumbnail\">\n\t\t\t<a href=\"http:\/\/www.cudecoop.coop\/cudecoop\/wp-content\/gallery\/marcha-a-punta-del-este\/53220388_2133918650007928_4906087876036395008_n.jpg\"\n\t\t\t\ttitle=\"\"\n\t\t\t\tdata-src=\"http:\/\/www.cudecoop.coop\/cudecoop\/wp-content\/gallery\/marcha-a-punta-del-este\/53220388_2133918650007928_4906087876036395008_n.jpg\"\n\t\t\t\tdata-thumbnail=\"http:\/\/www.cudecoop.coop\/cudecoop\/wp-content\/gallery\/marcha-a-punta-del-este\/thumbs\/thumbs_53220388_2133918650007928_4906087876036395008_n.jpg\"\n\t\t\t\tdata-image-id=\"69\"\n\t\t\t\tdata-title=\"53220388_2133918650007928_4906087876036395008_n\"\n\t\t\t\tdata-description=\"\"\n\t\t\t\tdata-image-slug=\"53220388_2133918650007928_4906087876036395008_n\"\n\t\t\t\tclass=\"ngg-fancybox\" rel=\"1b9c96b8ea3bf5aad802467c2aa4744f\">\n\t\t\t\t<img\n\t\t\t\t\ttitle=\"53220388_2133918650007928_4906087876036395008_n\"\n\t\t\t\t\talt=\"53220388_2133918650007928_4906087876036395008_n\"\n\t\t\t\t\tsrc=\"http:\/\/www.cudecoop.coop\/cudecoop\/wp-content\/gallery\/marcha-a-punta-del-este\/thumbs\/thumbs_53220388_2133918650007928_4906087876036395008_n.jpg\"\n\t\t\t\t\twidth=\"240\"\n\t\t\t\t\theight=\"160\"\n\t\t\t\t\tstyle=\"max-width:100%;\"\n\t\t\t\t\/>\n\t\t\t<\/a>\n\t\t<\/div>\n\t\t\t\t\t\t\t<\/div> \n\t\t\t\n\t\t\n\t\t\t\t<div id=\"ngg-image-3\" class=\"ngg-gallery-thumbnail-box\" \n\t\t\t\t\t\t\t\t\t\t\t>\n\t\t\t\t\t\t<div class=\"ngg-gallery-thumbnail\">\n\t\t\t<a href=\"http:\/\/www.cudecoop.coop\/cudecoop\/wp-content\/gallery\/marcha-a-punta-del-este\/IMG_4026.jpeg\"\n\t\t\t\ttitle=\"\"\n\t\t\t\tdata-src=\"http:\/\/www.cudecoop.coop\/cudecoop\/wp-content\/gallery\/marcha-a-punta-del-este\/IMG_4026.jpeg\"\n\t\t\t\tdata-thumbnail=\"http:\/\/www.cudecoop.coop\/cudecoop\/wp-content\/gallery\/marcha-a-punta-del-este\/thumbs\/thumbs_IMG_4026.jpeg\"\n\t\t\t\tdata-image-id=\"70\"\n\t\t\t\tdata-title=\"IMG_4026\"\n\t\t\t\tdata-description=\"\"\n\t\t\t\tdata-image-slug=\"img_4026\"\n\t\t\t\tclass=\"ngg-fancybox\" rel=\"1b9c96b8ea3bf5aad802467c2aa4744f\">\n\t\t\t\t<img\n\t\t\t\t\ttitle=\"IMG_4026\"\n\t\t\t\t\talt=\"IMG_4026\"\n\t\t\t\t\tsrc=\"http:\/\/www.cudecoop.coop\/cudecoop\/wp-content\/gallery\/marcha-a-punta-del-este\/thumbs\/thumbs_IMG_4026.jpeg\"\n\t\t\t\t\twidth=\"240\"\n\t\t\t\t\theight=\"160\"\n\t\t\t\t\tstyle=\"max-width:100%;\"\n\t\t\t\t\/>\n\t\t\t<\/a>\n\t\t<\/div>\n\t\t\t\t\t\t\t<\/div> \n\t\t\t\n\t\t\n\t\t\t\t<div id=\"ngg-image-4\" class=\"ngg-gallery-thumbnail-box\" \n\t\t\t\t\t\t\t\t\t\t\t>\n\t\t\t\t\t\t<div class=\"ngg-gallery-thumbnail\">\n\t\t\t<a href=\"http:\/\/www.cudecoop.coop\/cudecoop\/wp-content\/gallery\/marcha-a-punta-del-este\/IMG_4039.jpeg\"\n\t\t\t\ttitle=\"\"\n\t\t\t\tdata-src=\"http:\/\/www.cudecoop.coop\/cudecoop\/wp-content\/gallery\/marcha-a-punta-del-este\/IMG_4039.jpeg\"\n\t\t\t\tdata-thumbnail=\"http:\/\/www.cudecoop.coop\/cudecoop\/wp-content\/gallery\/marcha-a-punta-del-este\/thumbs\/thumbs_IMG_4039.jpeg\"\n\t\t\t\tdata-image-id=\"71\"\n\t\t\t\tdata-title=\"IMG_4039\"\n\t\t\t\tdata-description=\"\"\n\t\t\t\tdata-image-slug=\"img_4039\"\n\t\t\t\tclass=\"ngg-fancybox\" rel=\"1b9c96b8ea3bf5aad802467c2aa4744f\">\n\t\t\t\t<img\n\t\t\t\t\ttitle=\"IMG_4039\"\n\t\t\t\t\talt=\"IMG_4039\"\n\t\t\t\t\tsrc=\"http:\/\/www.cudecoop.coop\/cudecoop\/wp-content\/gallery\/marcha-a-punta-del-este\/thumbs\/thumbs_IMG_4039.jpeg\"\n\t\t\t\t\twidth=\"240\"\n\t\t\t\t\theight=\"160\"\n\t\t\t\t\tstyle=\"max-width:100%;\"\n\t\t\t\t\/>\n\t\t\t<\/a>\n\t\t<\/div>\n\t\t\t\t\t\t\t<\/div> \n\t\t\t\n\t\t\n\t\t\t\t<div id=\"ngg-image-5\" class=\"ngg-gallery-thumbnail-box\" \n\t\t\t\t\t\t\t\t\t\t\t>\n\t\t\t\t\t\t<div class=\"ngg-gallery-thumbnail\">\n\t\t\t<a href=\"http:\/\/www.cudecoop.coop\/cudecoop\/wp-content\/gallery\/marcha-a-punta-del-este\/IMG_4075.jpeg\"\n\t\t\t\ttitle=\"\"\n\t\t\t\tdata-src=\"http:\/\/www.cudecoop.coop\/cudecoop\/wp-content\/gallery\/marcha-a-punta-del-este\/IMG_4075.jpeg\"\n\t\t\t\tdata-thumbnail=\"http:\/\/www.cudecoop.coop\/cudecoop\/wp-content\/gallery\/marcha-a-punta-del-este\/thumbs\/thumbs_IMG_4075.jpeg\"\n\t\t\t\tdata-image-id=\"72\"\n\t\t\t\tdata-title=\"IMG_4075\"\n\t\t\t\tdata-description=\"\"\n\t\t\t\tdata-image-slug=\"img_4075\"\n\t\t\t\tclass=\"ngg-fancybox\" rel=\"1b9c96b8ea3bf5aad802467c2aa4744f\">\n\t\t\t\t<img\n\t\t\t\t\ttitle=\"IMG_4075\"\n\t\t\t\t\talt=\"IMG_4075\"\n\t\t\t\t\tsrc=\"http:\/\/www.cudecoop.coop\/cudecoop\/wp-content\/gallery\/marcha-a-punta-del-este\/thumbs\/thumbs_IMG_4075.jpeg\"\n\t\t\t\t\twidth=\"240\"\n\t\t\t\t\theight=\"160\"\n\t\t\t\t\tstyle=\"max-width:100%;\"\n\t\t\t\t\/>\n\t\t\t<\/a>\n\t\t<\/div>\n\t\t\t\t\t\t\t<\/div> \n\t\t\t\n\t\t\n\t\t\t\t<div id=\"ngg-image-6\" class=\"ngg-gallery-thumbnail-box\" \n\t\t\t\t\t\t\t\t\t\t\t>\n\t\t\t\t\t\t<div class=\"ngg-gallery-thumbnail\">\n\t\t\t<a href=\"http:\/\/www.cudecoop.coop\/cudecoop\/wp-content\/gallery\/marcha-a-punta-del-este\/IMG_4068.jpeg\"\n\t\t\t\ttitle=\"\"\n\t\t\t\tdata-src=\"http:\/\/www.cudecoop.coop\/cudecoop\/wp-content\/gallery\/marcha-a-punta-del-este\/IMG_4068.jpeg\"\n\t\t\t\tdata-thumbnail=\"http:\/\/www.cudecoop.coop\/cudecoop\/wp-content\/gallery\/marcha-a-punta-del-este\/thumbs\/thumbs_IMG_4068.jpeg\"\n\t\t\t\tdata-image-id=\"73\"\n\t\t\t\tdata-title=\"IMG_4068\"\n\t\t\t\tdata-description=\"\"\n\t\t\t\tdata-image-slug=\"img_4068\"\n\t\t\t\tclass=\"ngg-fancybox\" rel=\"1b9c96b8ea3bf5aad802467c2aa4744f\">\n\t\t\t\t<img\n\t\t\t\t\ttitle=\"IMG_4068\"\n\t\t\t\t\talt=\"IMG_4068\"\n\t\t\t\t\tsrc=\"http:\/\/www.cudecoop.coop\/cudecoop\/wp-content\/gallery\/marcha-a-punta-del-este\/thumbs\/thumbs_IMG_4068.jpeg\"\n\t\t\t\t\twidth=\"240\"\n\t\t\t\t\theight=\"160\"\n\t\t\t\t\tstyle=\"max-width:100%;\"\n\t\t\t\t\/>\n\t\t\t<\/a>\n\t\t<\/div>\n\t\t\t\t\t\t\t<\/div> \n\t\t\t\n\t\t\n\t\t\t\t<div id=\"ngg-image-7\" class=\"ngg-gallery-thumbnail-box\" \n\t\t\t\t\t\t\t\t\t\t\t>\n\t\t\t\t\t\t<div class=\"ngg-gallery-thumbnail\">\n\t\t\t<a href=\"http:\/\/www.cudecoop.coop\/cudecoop\/wp-content\/gallery\/marcha-a-punta-del-este\/IMG_4063.jpeg\"\n\t\t\t\ttitle=\"\"\n\t\t\t\tdata-src=\"http:\/\/www.cudecoop.coop\/cudecoop\/wp-content\/gallery\/marcha-a-punta-del-este\/IMG_4063.jpeg\"\n\t\t\t\tdata-thumbnail=\"http:\/\/www.cudecoop.coop\/cudecoop\/wp-content\/gallery\/marcha-a-punta-del-este\/thumbs\/thumbs_IMG_4063.jpeg\"\n\t\t\t\tdata-image-id=\"74\"\n\t\t\t\tdata-title=\"IMG_4063\"\n\t\t\t\tdata-description=\"\"\n\t\t\t\tdata-image-slug=\"img_4063\"\n\t\t\t\tclass=\"ngg-fancybox\" rel=\"1b9c96b8ea3bf5aad802467c2aa4744f\">\n\t\t\t\t<img\n\t\t\t\t\ttitle=\"IMG_4063\"\n\t\t\t\t\talt=\"IMG_4063\"\n\t\t\t\t\tsrc=\"http:\/\/www.cudecoop.coop\/cudecoop\/wp-content\/gallery\/marcha-a-punta-del-este\/thumbs\/thumbs_IMG_4063.jpeg\"\n\t\t\t\t\twidth=\"240\"\n\t\t\t\t\theight=\"160\"\n\t\t\t\t\tstyle=\"max-width:100%;\"\n\t\t\t\t\/>\n\t\t\t<\/a>\n\t\t<\/div>\n\t\t\t\t\t\t\t<\/div> \n\t\t\t\n\t\t\n\t\t\n\t\t<!-- Pagination -->\n\t\t<div class='ngg-clear'><\/div>\t<\/div>\n\n<p>&nbsp;<\/p>\n","protected":false},"excerpt":{"rendered":"<p>Desde la Confederaci\u00f3n Uruguaya de Entidades Cooperativas (CUDECOOP) nos solidarizamos con la lucha por la reivindicaci\u00f3n que las cooperativas de vivienda realizan por llevar a un 2% la tasa de inter\u00e9s que pagan por los pr\u00e9stamos a la vivienda. Animamos a cooperativistas del pa\u00eds a seguir colaborando con los caminantes que enfrentar\u00e1n un exigente desaf\u00edo f\u00edsico, que no deja lugar a dudas respecto a la determinaci\u00f3n de sus convicciones. Reconocemos los grandes avances que han existido en las pol\u00edticas p\u00fablicas hacia el sector en los \u00faltimos a\u00f1os, pero entendemos leg\u00edtima la preocupaci\u00f3n que los cooperativistas de vivienda plantean respecto a [&#8230;]<\/p>\n","protected":false},"author":27,"featured_media":2316,"comment_status":"open","ping_status":"open","sticky":false,"template":"","format":"standard","meta":{"_acf_changed":false,"ngg_post_thumbnail":0,"footnotes":""},"categories":[7,6],"tags":[],"class_list":["post-2315","post","type-post","status-publish","format-standard","has-post-thumbnail","hentry","category-cooperativas","category-institucionales"],"acf":[],"_links":{"self":[{"href":"http:\/\/www.cudecoop.coop\/cudecoop\/wp-json\/wp\/v2\/posts\/2315","targetHints":{"allow":["GET"]}}],"collection":[{"href":"http:\/\/www.cudecoop.coop\/cudecoop\/wp-json\/wp\/v2\/posts"}],"about":[{"href":"http:\/\/www.cudecoop.coop\/cudecoop\/wp-json\/wp\/v2\/types\/post"}],"author":[{"embeddable":true,"href":"http:\/\/www.cudecoop.coop\/cudecoop\/wp-json\/wp\/v2\/users\/27"}],"replies":[{"embeddable":true,"href":"http:\/\/www.cudecoop.coop\/cudecoop\/wp-json\/wp\/v2\/comments?post=2315"}],"version-history":[{"count":3,"href":"http:\/\/www.cudecoop.coop\/cudecoop\/wp-json\/wp\/v2\/posts\/2315\/revisions"}],"predecessor-version":[{"id":2332,"href":"http:\/\/www.cudecoop.coop\/cudecoop\/wp-json\/wp\/v2\/posts\/2315\/revisions\/2332"}],"wp:featuredmedia":[{"embeddable":true,"href":"http:\/\/www.cudecoop.coop\/cudecoop\/wp-json\/wp\/v2\/media\/2316"}],"wp:attachment":[{"href":"http:\/\/www.cudecoop.coop\/cudecoop\/wp-json\/wp\/v2\/media?parent=2315"}],"wp:term":[{"taxonomy":"category","embeddable":true,"href":"http:\/\/www.cudecoop.coop\/cudecoop\/wp-json\/wp\/v2\/categories?post=2315"},{"taxonomy":"post_tag","embeddable":true,"href":"http:\/\/www.cudecoop.coop\/cudecoop\/wp-json\/wp\/v2\/tags?post=2315"}],"curies":[{"name":"wp","href":"https:\/\/api.w.org\/{rel}","templated":true}]}}