{"id":2291,"date":"2019-02-12T16:26:08","date_gmt":"2019-02-12T16:26:08","guid":{"rendered":"http:\/\/www.cudecoop.coop\/cudecoop\/?p=2291"},"modified":"2019-02-12T16:29:31","modified_gmt":"2019-02-12T16:29:31","slug":"montevideo-sera-sede-del-proximo-consejo-de-administracion-de-cooperativas-de-las-americas","status":"publish","type":"post","link":"http:\/\/www.cudecoop.coop\/cudecoop\/montevideo-sera-sede-del-proximo-consejo-de-administracion-de-cooperativas-de-las-americas\/","title":{"rendered":"Montevideo ser\u00e1 sede del pr\u00f3ximo Consejo de Administraci\u00f3n de Cooperativas de las Am\u00e9ricas"},"content":{"rendered":"<blockquote class=\"gmail_quote\">\n<div dir=\"ltr\">\n<div>Para dicha instancia participaron por Uruguay Graciela Fern\u00e1ndez en su rol de Presidenta de Cooperativas de las Am\u00e9ricas, \u00c1ngeles Dati nuestra Vicepresidenta 2da por el Comit\u00e9 de Equidad de G\u00e9nero -CREG-, Lu\u00eds \u00c1lvez (FCPU) como presidente CICOPA Am\u00e9ricas, y el Coordinador General de la Confederaci\u00f3n, Gabriel Isola.&nbsp;<\/div>\n<div>&nbsp;<\/div>\n<\/div>\n<\/blockquote>\n<div>\n<blockquote class=\"gmail_quote\">\n<div dir=\"ltr\">\n<div><span style=\"color: #000000;\">Los consejeros tuvieron oportunidad de actualizar el an\u00e1lisis de situaci\u00f3n del Movimiento y del contexto regional, as\u00ed como revisar los Objetivos Estrat\u00e9gicos e Iniciativas Estrat\u00e9gicas de Cooperativas de las Am\u00e9ricas para el cuatrienio 2019 &#8211; 2022.<\/span><\/div>\n<\/div>\n<\/blockquote>\n<div><span style=\"color: #000000;\">&nbsp;<\/span><\/div>\n<div><span style=\"color: #000000;\">Este proceso se desarrolla en forma complementaria a los esfuerzos de la ACI para la reformulaci\u00f3n de su estrategia global, un nuevo Plan para la D\u00e9cada 2020 &#8211; 2030.&nbsp;<\/span><\/div>\n<div><span style=\"color: #000000;\">&nbsp;<\/span><\/div>\n<div>\n<p><span style=\"color: #000000;\">El proceso de planificaci\u00f3n tendr\u00e1 su instancia definitiva durante el pr\u00f3ximo Consejo de Administraci\u00f3n de la entidad regional, en mayo, en Montevideo.<\/span><\/p>\n<\/div>\n<!-- index.php -->\n<div\n\tclass=\"ngg-galleryoverview\n\t ngg-ajax-pagination-none\t\"\n\tid=\"ngg-gallery-c5c73544d6321e7ef28ec2aa4c02dcf9-1\">\n\n\t\t<div class=\"slideshowlink\">\n\t\t<a href='http:\/\/www.cudecoop.coop\/cudecoop\/montevideo-sera-sede-del-proximo-consejo-de-administracion-de-cooperativas-de-las-americas\/nggallery\/slideshow'>&#091;Show slideshow&#093;<\/a>\n\t\t\n\t<\/div>\n\t\t\t<!-- Thumbnails -->\n\t\t\t\t<div id=\"ngg-image-0\" class=\"ngg-gallery-thumbnail-box\" \n\t\t\t\t\t\t\t\t\t\t\t>\n\t\t\t\t\t\t<div class=\"ngg-gallery-thumbnail\">\n\t\t\t<a href=\"http:\/\/www.cudecoop.coop\/cudecoop\/wp-content\/gallery\/consejo-de-administracion-febrero-2019\/51437987_2242145759397534_3656846850733899776_n.jpg\"\n\t\t\t\ttitle=\"\"\n\t\t\t\tdata-src=\"http:\/\/www.cudecoop.coop\/cudecoop\/wp-content\/gallery\/consejo-de-administracion-febrero-2019\/51437987_2242145759397534_3656846850733899776_n.jpg\"\n\t\t\t\tdata-thumbnail=\"http:\/\/www.cudecoop.coop\/cudecoop\/wp-content\/gallery\/consejo-de-administracion-febrero-2019\/thumbs\/thumbs_51437987_2242145759397534_3656846850733899776_n.jpg\"\n\t\t\t\tdata-image-id=\"59\"\n\t\t\t\tdata-title=\"51437987_2242145759397534_3656846850733899776_n\"\n\t\t\t\tdata-description=\"\"\n\t\t\t\tdata-image-slug=\"51437987_2242145759397534_3656846850733899776_n\"\n\t\t\t\tclass=\"ngg-fancybox\" rel=\"c5c73544d6321e7ef28ec2aa4c02dcf9\">\n\t\t\t\t<img\n\t\t\t\t\ttitle=\"51437987_2242145759397534_3656846850733899776_n\"\n\t\t\t\t\talt=\"51437987_2242145759397534_3656846850733899776_n\"\n\t\t\t\t\tsrc=\"http:\/\/www.cudecoop.coop\/cudecoop\/wp-content\/gallery\/consejo-de-administracion-febrero-2019\/thumbs\/thumbs_51437987_2242145759397534_3656846850733899776_n.jpg\"\n\t\t\t\t\twidth=\"240\"\n\t\t\t\t\theight=\"160\"\n\t\t\t\t\tstyle=\"max-width:100%;\"\n\t\t\t\t\/>\n\t\t\t<\/a>\n\t\t<\/div>\n\t\t\t\t\t\t\t<\/div> \n\t\t\t\n\t\t\n\t\t\t\t<div id=\"ngg-image-1\" class=\"ngg-gallery-thumbnail-box\" \n\t\t\t\t\t\t\t\t\t\t\t>\n\t\t\t\t\t\t<div class=\"ngg-gallery-thumbnail\">\n\t\t\t<a href=\"http:\/\/www.cudecoop.coop\/cudecoop\/wp-content\/gallery\/consejo-de-administracion-febrero-2019\/51342907_2242145936064183_2072949305236258816_n.jpg\"\n\t\t\t\ttitle=\"\"\n\t\t\t\tdata-src=\"http:\/\/www.cudecoop.coop\/cudecoop\/wp-content\/gallery\/consejo-de-administracion-febrero-2019\/51342907_2242145936064183_2072949305236258816_n.jpg\"\n\t\t\t\tdata-thumbnail=\"http:\/\/www.cudecoop.coop\/cudecoop\/wp-content\/gallery\/consejo-de-administracion-febrero-2019\/thumbs\/thumbs_51342907_2242145936064183_2072949305236258816_n.jpg\"\n\t\t\t\tdata-image-id=\"60\"\n\t\t\t\tdata-title=\"51342907_2242145936064183_2072949305236258816_n\"\n\t\t\t\tdata-description=\"\"\n\t\t\t\tdata-image-slug=\"51342907_2242145936064183_2072949305236258816_n\"\n\t\t\t\tclass=\"ngg-fancybox\" rel=\"c5c73544d6321e7ef28ec2aa4c02dcf9\">\n\t\t\t\t<img\n\t\t\t\t\ttitle=\"51342907_2242145936064183_2072949305236258816_n\"\n\t\t\t\t\talt=\"51342907_2242145936064183_2072949305236258816_n\"\n\t\t\t\t\tsrc=\"http:\/\/www.cudecoop.coop\/cudecoop\/wp-content\/gallery\/consejo-de-administracion-febrero-2019\/thumbs\/thumbs_51342907_2242145936064183_2072949305236258816_n.jpg\"\n\t\t\t\t\twidth=\"240\"\n\t\t\t\t\theight=\"160\"\n\t\t\t\t\tstyle=\"max-width:100%;\"\n\t\t\t\t\/>\n\t\t\t<\/a>\n\t\t<\/div>\n\t\t\t\t\t\t\t<\/div> \n\t\t\t\n\t\t\n\t\t\t\t<div id=\"ngg-image-2\" class=\"ngg-gallery-thumbnail-box\" \n\t\t\t\t\t\t\t\t\t\t\t>\n\t\t\t\t\t\t<div class=\"ngg-gallery-thumbnail\">\n\t\t\t<a href=\"http:\/\/www.cudecoop.coop\/cudecoop\/wp-content\/gallery\/consejo-de-administracion-febrero-2019\/51369928_812984749047456_4435329773580845056_o.jpg\"\n\t\t\t\ttitle=\"\"\n\t\t\t\tdata-src=\"http:\/\/www.cudecoop.coop\/cudecoop\/wp-content\/gallery\/consejo-de-administracion-febrero-2019\/51369928_812984749047456_4435329773580845056_o.jpg\"\n\t\t\t\tdata-thumbnail=\"http:\/\/www.cudecoop.coop\/cudecoop\/wp-content\/gallery\/consejo-de-administracion-febrero-2019\/thumbs\/thumbs_51369928_812984749047456_4435329773580845056_o.jpg\"\n\t\t\t\tdata-image-id=\"61\"\n\t\t\t\tdata-title=\"51369928_812984749047456_4435329773580845056_o\"\n\t\t\t\tdata-description=\"\"\n\t\t\t\tdata-image-slug=\"51369928_812984749047456_4435329773580845056_o\"\n\t\t\t\tclass=\"ngg-fancybox\" rel=\"c5c73544d6321e7ef28ec2aa4c02dcf9\">\n\t\t\t\t<img\n\t\t\t\t\ttitle=\"51369928_812984749047456_4435329773580845056_o\"\n\t\t\t\t\talt=\"51369928_812984749047456_4435329773580845056_o\"\n\t\t\t\t\tsrc=\"http:\/\/www.cudecoop.coop\/cudecoop\/wp-content\/gallery\/consejo-de-administracion-febrero-2019\/thumbs\/thumbs_51369928_812984749047456_4435329773580845056_o.jpg\"\n\t\t\t\t\twidth=\"240\"\n\t\t\t\t\theight=\"160\"\n\t\t\t\t\tstyle=\"max-width:100%;\"\n\t\t\t\t\/>\n\t\t\t<\/a>\n\t\t<\/div>\n\t\t\t\t\t\t\t<\/div> \n\t\t\t\n\t\t\n\t\t\t\t<div id=\"ngg-image-3\" class=\"ngg-gallery-thumbnail-box\" \n\t\t\t\t\t\t\t\t\t\t\t>\n\t\t\t\t\t\t<div class=\"ngg-gallery-thumbnail\">\n\t\t\t<a href=\"http:\/\/www.cudecoop.coop\/cudecoop\/wp-content\/gallery\/consejo-de-administracion-febrero-2019\/51419456_2242145899397520_302809578213474304_n.jpg\"\n\t\t\t\ttitle=\"\"\n\t\t\t\tdata-src=\"http:\/\/www.cudecoop.coop\/cudecoop\/wp-content\/gallery\/consejo-de-administracion-febrero-2019\/51419456_2242145899397520_302809578213474304_n.jpg\"\n\t\t\t\tdata-thumbnail=\"http:\/\/www.cudecoop.coop\/cudecoop\/wp-content\/gallery\/consejo-de-administracion-febrero-2019\/thumbs\/thumbs_51419456_2242145899397520_302809578213474304_n.jpg\"\n\t\t\t\tdata-image-id=\"62\"\n\t\t\t\tdata-title=\"51419456_2242145899397520_302809578213474304_n\"\n\t\t\t\tdata-description=\"\"\n\t\t\t\tdata-image-slug=\"51419456_2242145899397520_302809578213474304_n\"\n\t\t\t\tclass=\"ngg-fancybox\" rel=\"c5c73544d6321e7ef28ec2aa4c02dcf9\">\n\t\t\t\t<img\n\t\t\t\t\ttitle=\"51419456_2242145899397520_302809578213474304_n\"\n\t\t\t\t\talt=\"51419456_2242145899397520_302809578213474304_n\"\n\t\t\t\t\tsrc=\"http:\/\/www.cudecoop.coop\/cudecoop\/wp-content\/gallery\/consejo-de-administracion-febrero-2019\/thumbs\/thumbs_51419456_2242145899397520_302809578213474304_n.jpg\"\n\t\t\t\t\twidth=\"240\"\n\t\t\t\t\theight=\"160\"\n\t\t\t\t\tstyle=\"max-width:100%;\"\n\t\t\t\t\/>\n\t\t\t<\/a>\n\t\t<\/div>\n\t\t\t\t\t\t\t<\/div> \n\t\t\t\n\t\t\n\t\t\t\t<div id=\"ngg-image-4\" class=\"ngg-gallery-thumbnail-box\" \n\t\t\t\t\t\t\t\t\t\t\t>\n\t\t\t\t\t\t<div class=\"ngg-gallery-thumbnail\">\n\t\t\t<a href=\"http:\/\/www.cudecoop.coop\/cudecoop\/wp-content\/gallery\/consejo-de-administracion-febrero-2019\/51431034_812985725714025_2827448323248488448_o.jpg\"\n\t\t\t\ttitle=\"\"\n\t\t\t\tdata-src=\"http:\/\/www.cudecoop.coop\/cudecoop\/wp-content\/gallery\/consejo-de-administracion-febrero-2019\/51431034_812985725714025_2827448323248488448_o.jpg\"\n\t\t\t\tdata-thumbnail=\"http:\/\/www.cudecoop.coop\/cudecoop\/wp-content\/gallery\/consejo-de-administracion-febrero-2019\/thumbs\/thumbs_51431034_812985725714025_2827448323248488448_o.jpg\"\n\t\t\t\tdata-image-id=\"63\"\n\t\t\t\tdata-title=\"51431034_812985725714025_2827448323248488448_o\"\n\t\t\t\tdata-description=\"\"\n\t\t\t\tdata-image-slug=\"51431034_812985725714025_2827448323248488448_o\"\n\t\t\t\tclass=\"ngg-fancybox\" rel=\"c5c73544d6321e7ef28ec2aa4c02dcf9\">\n\t\t\t\t<img\n\t\t\t\t\ttitle=\"51431034_812985725714025_2827448323248488448_o\"\n\t\t\t\t\talt=\"51431034_812985725714025_2827448323248488448_o\"\n\t\t\t\t\tsrc=\"http:\/\/www.cudecoop.coop\/cudecoop\/wp-content\/gallery\/consejo-de-administracion-febrero-2019\/thumbs\/thumbs_51431034_812985725714025_2827448323248488448_o.jpg\"\n\t\t\t\t\twidth=\"240\"\n\t\t\t\t\theight=\"160\"\n\t\t\t\t\tstyle=\"max-width:100%;\"\n\t\t\t\t\/>\n\t\t\t<\/a>\n\t\t<\/div>\n\t\t\t\t\t\t\t<\/div> \n\t\t\t\n\t\t\n\t\t\t\t<div id=\"ngg-image-5\" class=\"ngg-gallery-thumbnail-box\" \n\t\t\t\t\t\t\t\t\t\t\t>\n\t\t\t\t\t\t<div class=\"ngg-gallery-thumbnail\">\n\t\t\t<a href=\"http:\/\/www.cudecoop.coop\/cudecoop\/wp-content\/gallery\/consejo-de-administracion-febrero-2019\/51584491_2242145846064192_9193280061459922944_n.jpg\"\n\t\t\t\ttitle=\"\"\n\t\t\t\tdata-src=\"http:\/\/www.cudecoop.coop\/cudecoop\/wp-content\/gallery\/consejo-de-administracion-febrero-2019\/51584491_2242145846064192_9193280061459922944_n.jpg\"\n\t\t\t\tdata-thumbnail=\"http:\/\/www.cudecoop.coop\/cudecoop\/wp-content\/gallery\/consejo-de-administracion-febrero-2019\/thumbs\/thumbs_51584491_2242145846064192_9193280061459922944_n.jpg\"\n\t\t\t\tdata-image-id=\"64\"\n\t\t\t\tdata-title=\"51584491_2242145846064192_9193280061459922944_n\"\n\t\t\t\tdata-description=\"\"\n\t\t\t\tdata-image-slug=\"51584491_2242145846064192_9193280061459922944_n\"\n\t\t\t\tclass=\"ngg-fancybox\" rel=\"c5c73544d6321e7ef28ec2aa4c02dcf9\">\n\t\t\t\t<img\n\t\t\t\t\ttitle=\"51584491_2242145846064192_9193280061459922944_n\"\n\t\t\t\t\talt=\"51584491_2242145846064192_9193280061459922944_n\"\n\t\t\t\t\tsrc=\"http:\/\/www.cudecoop.coop\/cudecoop\/wp-content\/gallery\/consejo-de-administracion-febrero-2019\/thumbs\/thumbs_51584491_2242145846064192_9193280061459922944_n.jpg\"\n\t\t\t\t\twidth=\"240\"\n\t\t\t\t\theight=\"160\"\n\t\t\t\t\tstyle=\"max-width:100%;\"\n\t\t\t\t\/>\n\t\t\t<\/a>\n\t\t<\/div>\n\t\t\t\t\t\t\t<\/div> \n\t\t\t\n\t\t\n\t\t\t\t<div id=\"ngg-image-6\" class=\"ngg-gallery-thumbnail-box\" \n\t\t\t\t\t\t\t\t\t\t\t>\n\t\t\t\t\t\t<div class=\"ngg-gallery-thumbnail\">\n\t\t\t<a href=\"http:\/\/www.cudecoop.coop\/cudecoop\/wp-content\/gallery\/consejo-de-administracion-febrero-2019\/51721812_812985149047416_8661930828135137280_o.jpg\"\n\t\t\t\ttitle=\"\"\n\t\t\t\tdata-src=\"http:\/\/www.cudecoop.coop\/cudecoop\/wp-content\/gallery\/consejo-de-administracion-febrero-2019\/51721812_812985149047416_8661930828135137280_o.jpg\"\n\t\t\t\tdata-thumbnail=\"http:\/\/www.cudecoop.coop\/cudecoop\/wp-content\/gallery\/consejo-de-administracion-febrero-2019\/thumbs\/thumbs_51721812_812985149047416_8661930828135137280_o.jpg\"\n\t\t\t\tdata-image-id=\"65\"\n\t\t\t\tdata-title=\"51721812_812985149047416_8661930828135137280_o\"\n\t\t\t\tdata-description=\"\"\n\t\t\t\tdata-image-slug=\"51721812_812985149047416_8661930828135137280_o\"\n\t\t\t\tclass=\"ngg-fancybox\" rel=\"c5c73544d6321e7ef28ec2aa4c02dcf9\">\n\t\t\t\t<img\n\t\t\t\t\ttitle=\"51721812_812985149047416_8661930828135137280_o\"\n\t\t\t\t\talt=\"51721812_812985149047416_8661930828135137280_o\"\n\t\t\t\t\tsrc=\"http:\/\/www.cudecoop.coop\/cudecoop\/wp-content\/gallery\/consejo-de-administracion-febrero-2019\/thumbs\/thumbs_51721812_812985149047416_8661930828135137280_o.jpg\"\n\t\t\t\t\twidth=\"240\"\n\t\t\t\t\theight=\"160\"\n\t\t\t\t\tstyle=\"max-width:100%;\"\n\t\t\t\t\/>\n\t\t\t<\/a>\n\t\t<\/div>\n\t\t\t\t\t\t\t<\/div> \n\t\t\t\n\t\t\n\t\t\t\t<div id=\"ngg-image-7\" class=\"ngg-gallery-thumbnail-box\" \n\t\t\t\t\t\t\t\t\t\t\t>\n\t\t\t\t\t\t<div class=\"ngg-gallery-thumbnail\">\n\t\t\t<a href=\"http:\/\/www.cudecoop.coop\/cudecoop\/wp-content\/gallery\/consejo-de-administracion-febrero-2019\/51977416_812984452380819_6287405300379025408_o.jpg\"\n\t\t\t\ttitle=\"\"\n\t\t\t\tdata-src=\"http:\/\/www.cudecoop.coop\/cudecoop\/wp-content\/gallery\/consejo-de-administracion-febrero-2019\/51977416_812984452380819_6287405300379025408_o.jpg\"\n\t\t\t\tdata-thumbnail=\"http:\/\/www.cudecoop.coop\/cudecoop\/wp-content\/gallery\/consejo-de-administracion-febrero-2019\/thumbs\/thumbs_51977416_812984452380819_6287405300379025408_o.jpg\"\n\t\t\t\tdata-image-id=\"66\"\n\t\t\t\tdata-title=\"51977416_812984452380819_6287405300379025408_o\"\n\t\t\t\tdata-description=\"\"\n\t\t\t\tdata-image-slug=\"51977416_812984452380819_6287405300379025408_o\"\n\t\t\t\tclass=\"ngg-fancybox\" rel=\"c5c73544d6321e7ef28ec2aa4c02dcf9\">\n\t\t\t\t<img\n\t\t\t\t\ttitle=\"51977416_812984452380819_6287405300379025408_o\"\n\t\t\t\t\talt=\"51977416_812984452380819_6287405300379025408_o\"\n\t\t\t\t\tsrc=\"http:\/\/www.cudecoop.coop\/cudecoop\/wp-content\/gallery\/consejo-de-administracion-febrero-2019\/thumbs\/thumbs_51977416_812984452380819_6287405300379025408_o.jpg\"\n\t\t\t\t\twidth=\"240\"\n\t\t\t\t\theight=\"160\"\n\t\t\t\t\tstyle=\"max-width:100%;\"\n\t\t\t\t\/>\n\t\t\t<\/a>\n\t\t<\/div>\n\t\t\t\t\t\t\t<\/div> \n\t\t\t\n\t\t\n\t\t\n\t\t<!-- Pagination -->\n\t\t<div class='ngg-clear'><\/div>\t<\/div>\n\n<\/div>\n","protected":false},"excerpt":{"rendered":"<p>Para dicha instancia participaron por Uruguay Graciela Fern\u00e1ndez en su rol de Presidenta de Cooperativas de las Am\u00e9ricas, \u00c1ngeles Dati nuestra Vicepresidenta 2da por el Comit\u00e9 de Equidad de G\u00e9nero -CREG-, Lu\u00eds \u00c1lvez (FCPU) como presidente CICOPA Am\u00e9ricas, y el Coordinador General de la Confederaci\u00f3n, Gabriel Isola.&nbsp; &nbsp; Los consejeros tuvieron oportunidad de actualizar el an\u00e1lisis de situaci\u00f3n del Movimiento y del contexto regional, as\u00ed como revisar los Objetivos Estrat\u00e9gicos e Iniciativas Estrat\u00e9gicas de Cooperativas de las Am\u00e9ricas para el cuatrienio 2019 &#8211; 2022. &nbsp; Este proceso se desarrolla en forma complementaria a los esfuerzos de la ACI para la [&#8230;]<\/p>\n","protected":false},"author":27,"featured_media":2292,"comment_status":"open","ping_status":"open","sticky":false,"template":"","format":"standard","meta":{"_acf_changed":false,"ngg_post_thumbnail":0,"footnotes":""},"categories":[7,6],"tags":[],"class_list":["post-2291","post","type-post","status-publish","format-standard","has-post-thumbnail","hentry","category-cooperativas","category-institucionales"],"acf":[],"_links":{"self":[{"href":"http:\/\/www.cudecoop.coop\/cudecoop\/wp-json\/wp\/v2\/posts\/2291","targetHints":{"allow":["GET"]}}],"collection":[{"href":"http:\/\/www.cudecoop.coop\/cudecoop\/wp-json\/wp\/v2\/posts"}],"about":[{"href":"http:\/\/www.cudecoop.coop\/cudecoop\/wp-json\/wp\/v2\/types\/post"}],"author":[{"embeddable":true,"href":"http:\/\/www.cudecoop.coop\/cudecoop\/wp-json\/wp\/v2\/users\/27"}],"replies":[{"embeddable":true,"href":"http:\/\/www.cudecoop.coop\/cudecoop\/wp-json\/wp\/v2\/comments?post=2291"}],"version-history":[{"count":3,"href":"http:\/\/www.cudecoop.coop\/cudecoop\/wp-json\/wp\/v2\/posts\/2291\/revisions"}],"predecessor-version":[{"id":2313,"href":"http:\/\/www.cudecoop.coop\/cudecoop\/wp-json\/wp\/v2\/posts\/2291\/revisions\/2313"}],"wp:featuredmedia":[{"embeddable":true,"href":"http:\/\/www.cudecoop.coop\/cudecoop\/wp-json\/wp\/v2\/media\/2292"}],"wp:attachment":[{"href":"http:\/\/www.cudecoop.coop\/cudecoop\/wp-json\/wp\/v2\/media?parent=2291"}],"wp:term":[{"taxonomy":"category","embeddable":true,"href":"http:\/\/www.cudecoop.coop\/cudecoop\/wp-json\/wp\/v2\/categories?post=2291"},{"taxonomy":"post_tag","embeddable":true,"href":"http:\/\/www.cudecoop.coop\/cudecoop\/wp-json\/wp\/v2\/tags?post=2291"}],"curies":[{"name":"wp","href":"https:\/\/api.w.org\/{rel}","templated":true}]}}