{"id":2271,"date":"2018-12-11T21:12:31","date_gmt":"2018-12-11T21:12:31","guid":{"rendered":"http:\/\/www.cudecoop.coop\/cudecoop\/?p=2271"},"modified":"2018-12-11T21:12:31","modified_gmt":"2018-12-11T21:12:31","slug":"plan-de-regularizacion-de-usuarios-de-ute","status":"publish","type":"post","link":"http:\/\/www.cudecoop.coop\/cudecoop\/plan-de-regularizacion-de-usuarios-de-ute\/","title":{"rendered":"Plan de regularizaci\u00f3n de usuarios de UTE"},"content":{"rendered":"<p style=\"font-weight: 400;\">Montevideo, 7 de diciembre de 2018<\/p>\n<p style=\"font-weight: 400;\">De acuerdo con lo resuelto por el Senado de la Rep\u00fablica, se remite versi\u00f3n taquigr\u00e1fica de las palabras pronunciadas por el se\u00f1or Senador Andr\u00e9s Berterreche, en sesi\u00f3n de fecha 4 de diciembre del a\u00f1o en curso, relacionada con el Plan de Regularizaci\u00f3n de Usuarios de UTE.&nbsp;&nbsp;&nbsp;&nbsp;<\/p>\n<p>&nbsp;<\/p>\n<p><img loading=\"lazy\" decoding=\"async\" class=\"alignnone size-medium wp-image-2272\" src=\"http:\/\/www.cudecoop.coop\/cudecoop\/wp-content\/uploads\/2018\/12\/berterreche-300x173.jpg\" alt=\"\" width=\"300\" height=\"173\" srcset=\"http:\/\/www.cudecoop.coop\/cudecoop\/wp-content\/uploads\/2018\/12\/berterreche-300x173.jpg 300w, http:\/\/www.cudecoop.coop\/cudecoop\/wp-content\/uploads\/2018\/12\/berterreche-24x14.jpg 24w, http:\/\/www.cudecoop.coop\/cudecoop\/wp-content\/uploads\/2018\/12\/berterreche-36x21.jpg 36w, http:\/\/www.cudecoop.coop\/cudecoop\/wp-content\/uploads\/2018\/12\/berterreche-48x28.jpg 48w, http:\/\/www.cudecoop.coop\/cudecoop\/wp-content\/uploads\/2018\/12\/berterreche.jpg 728w\" sizes=\"auto, (max-width: 300px) 100vw, 300px\" \/><\/p>\n<p><strong>SE\u00d1ORA PRESIDENTE.-<\/strong> El Senado ingresa a la media hora previa.<\/p>\n<p>&nbsp;&nbsp;&nbsp;&nbsp;&nbsp;&nbsp;&nbsp;&nbsp;&nbsp;&nbsp;&nbsp; Tiene la palabra el se\u00f1or senador Berterreche.<\/p>\n<p><strong>SE\u00d1OR BERTERRECHE.-<\/strong> Se\u00f1ora presidente: a\u00f1o tras a\u00f1o, especialmente en invierno, escuchamos noticias sobre incendios de casas precarias ubicadas en asentamientos, que cobran vidas, principalmente de ni\u00f1os y de personas mayores. La causa de muchos de esos incendios est\u00e1 en la conexi\u00f3n irregular a la electricidad y en la mala instalaci\u00f3n interna de la corriente el\u00e9ctrica.<\/p>\n<p>Es por ello que UTE decidi\u00f3 abocarse a un plan de formalizaci\u00f3n voluntaria de aquellos usuarios que, estando en esta situaci\u00f3n, quieran pasar a ser clientes normales de la empresa del Estado. Es as\u00ed que a partir del dise\u00f1o del Plan de Inclusi\u00f3n Social, se esperaba poder ir revirtiendo la situaci\u00f3n antes mencionada.<\/p>\n<p>&nbsp;&nbsp;&nbsp;&nbsp;&nbsp;&nbsp;&nbsp;&nbsp;&nbsp;&nbsp;&nbsp; Mediante el subsidio total de la instalaci\u00f3n interna \u2013cumpliendo con las normativas vigentes y con los factores de seguridad en el uso correcto de la energ\u00eda el\u00e9ctrica\u2013, este plan tiene como objeto ir formalizando a los usuarios que hoy est\u00e1n \u00abcolgados\u00bb al sistema, transform\u00e1ndolos en clientes del servicio.<\/p>\n<p>&nbsp;&nbsp;&nbsp;&nbsp;&nbsp;&nbsp;&nbsp;&nbsp;&nbsp;&nbsp;&nbsp; Quiero destacar tambi\u00e9n que, con creatividad y audacia y complementando pol\u00edticas p\u00fablicas, el 24 de julio del corriente se firm\u00f3 un convenio entre UTE e Inacoop, para que ese trabajo de instalaci\u00f3n se realice por parte de empresas de la econom\u00eda social y solidaria, como son las cooperativas sociales y de trabajo. Para ello y como forma de colaborar en el \u00e9xito de este desaf\u00edo, se cont\u00f3 tambi\u00e9n con el apoyo de la gremial del cooperativismo de producci\u00f3n, la Federaci\u00f3n de Cooperativas de Producci\u00f3n del Uruguay.&nbsp;<\/p>\n<p>&nbsp;&nbsp;&nbsp;&nbsp;&nbsp;&nbsp;&nbsp;&nbsp;&nbsp;&nbsp;&nbsp; Hoy se puede celebrar el hecho de que cerca de una veintena de estas empresas autogestionadas, tanto sociales como de trabajo, se hayan mostrado interesadas en ser parte del proyecto. Y media docena de ellas, desde octubre, est\u00e1n haciendo realidad un proyecto que mejorar\u00e1 la calidad de vida y la seguridad de cientos de familias. Solo en el primer mes de trabajo se terminaron 179 instalaciones en Montevideo, Canelones y Ciudad del Plata y, a la brevedad, se les sumar\u00e1 Maldonado, Artigas, Rivera, Tacuaremb\u00f3, Salto y Paysand\u00fa.<\/p>\n<p>&nbsp;&nbsp;&nbsp;&nbsp;&nbsp;&nbsp;&nbsp;&nbsp;&nbsp;&nbsp;&nbsp; Posiblemente no sepa el legislador de qu\u00e9 hablamos cuando mencionamos a Tindari, Colosei, Constructores Unidos, Construsul, Kultura o Profuncoop, pero estas son algunas de las empresas cooperativas que hoy est\u00e1n brindando soluciones a los m\u00e1s vulnerables en el marco del convenio entre UTE e Inacoop.<\/p>\n<p>&nbsp;&nbsp;&nbsp;&nbsp;&nbsp;&nbsp;&nbsp;&nbsp;&nbsp;&nbsp;&nbsp; A la brevedad, ser\u00e1n cerca de ciento veinte trabajadores cooperativistas que, distribuidos en cuadrillas, estar\u00e1n desplegados en todo el pa\u00eds para hacer este trabajo. Mediante esta metodolog\u00eda se prev\u00e9 en el futuro la cristalizaci\u00f3n de cinco mil instalaciones al a\u00f1o por un monto de $ 132:500.000, pero para que esto sea posible no alcanza con disponer de la voluntad presupuestal de hacerlo.<\/p>\n<p>Todos los \u00faltimos viernes de cada mes se re\u00fane el comit\u00e9 de seguimiento integrado por la Federaci\u00f3n de Cooperativas de Producci\u00f3n del Uruguay, el Inacoop, el Mides y la UTE para avanzar en este sentido, dando todas las garant\u00edas a las partes que viabilizan la concreci\u00f3n de este objetivo.<\/p>\n<p>&nbsp;&nbsp;&nbsp;&nbsp;&nbsp;&nbsp;&nbsp;&nbsp;&nbsp;&nbsp;&nbsp; Quiero destacar la complementaci\u00f3n de las pol\u00edticas p\u00fablicas que promueven estas acciones. Mediante la herramienta de promoci\u00f3n y cooperaci\u00f3n del Inacoop hoy se abordan las necesidades de financiamiento con la seguridad del reintegro del capital mediante el pago de los trabajos realizados en los asentamientos o dando apoyo a la capacitaci\u00f3n necesaria desde el Inefop con la herramienta espec\u00edfica del Procoop. Tambi\u00e9n hay que destacar las externalidades generadas, como la compra conjunta de materiales para mejorar los costos de estas empresas, al mismo tiempo que se optimiza la acci\u00f3n cooperativa, demostrando la poderosa herramienta de la intercooperaci\u00f3n.<\/p>\n<p>&nbsp;&nbsp;&nbsp;&nbsp;&nbsp;&nbsp;&nbsp;&nbsp;&nbsp;&nbsp;&nbsp; Teniendo en cuenta las caracter\u00edsticas de la intervenci\u00f3n y la realidad social de los beneficiarios, se pod\u00eda esperar resistencia a este proyecto. Sin embargo, la UTE y las cooperativas encuentran un apoyo fundamental en la poblaci\u00f3n para la consecuci\u00f3n del objetivo de la formalizaci\u00f3n. Solo como ejemplo, vale compartir las declaraciones de una vecina del barrio Las Vegas norte, que expres\u00f3 su alegr\u00eda no solo por tener energ\u00eda el\u00e9ctrica de forma segura, sino por la constataci\u00f3n de conquistar ciudadan\u00eda cuando manifiesta la importancia de tener un recibo que acredite la pertenencia a un lugar, lo que le da una identidad. Esta vecina dec\u00eda: \u00abNos sentimos que existimos, que somos parte de la sociedad\u00bb.<\/p>\n<p>&nbsp;&nbsp;&nbsp;&nbsp;&nbsp;&nbsp;&nbsp;&nbsp;&nbsp;&nbsp;&nbsp; En esta \u00e9poca en que se cumplen los primeros diez a\u00f1os de la ley de cooperativas, queremos compartir y celebrar c\u00f3mo la coordinaci\u00f3n de pol\u00edticas p\u00fablicas con organizaciones de la sociedad civil y la econom\u00eda social y solidaria permiten multiplicar los beneficios hacia una sociedad m\u00e1s inclusiva, m\u00e1s justa y, en definitiva, m\u00e1s digna.<\/p>\n<p>&nbsp;&nbsp;&nbsp;&nbsp;&nbsp;&nbsp;&nbsp;&nbsp;&nbsp;&nbsp;&nbsp; Solicito que la versi\u00f3n taquigr\u00e1fica de mis palabras sea enviada a UTE, al Inacoop, al Inefop, a la Federaci\u00f3n de Cooperativas de Producci\u00f3n del Uruguay y a la Cudecoop.<\/p>\n<p><strong>SE\u00d1ORA PRESIDENTE.-<\/strong> Se va a votar el tr\u00e1mite solicitado por el se\u00f1or senador.<\/p>\n<p><em>(Se vota).<\/em><\/p>\n<p>25 en 27. <strong>Afirmativa. <\/strong><\/p>\n<p>&nbsp;<\/p>\n<p>&nbsp;<\/p>\n","protected":false},"excerpt":{"rendered":"<p>Montevideo, 7 de diciembre de 2018 De acuerdo con lo resuelto por el Senado de la Rep\u00fablica, se remite versi\u00f3n taquigr\u00e1fica de las palabras pronunciadas por el se\u00f1or Senador Andr\u00e9s Berterreche, en sesi\u00f3n de fecha 4 de diciembre del a\u00f1o en curso, relacionada con el Plan de Regularizaci\u00f3n de Usuarios de UTE.&nbsp;&nbsp;&nbsp;&nbsp; &nbsp; SE\u00d1ORA PRESIDENTE.- El Senado ingresa a la media hora previa. &nbsp;&nbsp;&nbsp;&nbsp;&nbsp;&nbsp;&nbsp;&nbsp;&nbsp;&nbsp;&nbsp; Tiene la palabra el se\u00f1or senador Berterreche. SE\u00d1OR BERTERRECHE.- Se\u00f1ora presidente: a\u00f1o tras a\u00f1o, especialmente en invierno, escuchamos noticias sobre incendios de casas precarias ubicadas en asentamientos, que cobran vidas, principalmente de ni\u00f1os y de personas [&#8230;]<\/p>\n","protected":false},"author":27,"featured_media":2272,"comment_status":"open","ping_status":"open","sticky":false,"template":"","format":"standard","meta":{"_acf_changed":false,"ngg_post_thumbnail":0,"footnotes":""},"categories":[7,1],"tags":[],"class_list":["post-2271","post","type-post","status-publish","format-standard","has-post-thumbnail","hentry","category-cooperativas","category-noticias"],"acf":[],"_links":{"self":[{"href":"http:\/\/www.cudecoop.coop\/cudecoop\/wp-json\/wp\/v2\/posts\/2271","targetHints":{"allow":["GET"]}}],"collection":[{"href":"http:\/\/www.cudecoop.coop\/cudecoop\/wp-json\/wp\/v2\/posts"}],"about":[{"href":"http:\/\/www.cudecoop.coop\/cudecoop\/wp-json\/wp\/v2\/types\/post"}],"author":[{"embeddable":true,"href":"http:\/\/www.cudecoop.coop\/cudecoop\/wp-json\/wp\/v2\/users\/27"}],"replies":[{"embeddable":true,"href":"http:\/\/www.cudecoop.coop\/cudecoop\/wp-json\/wp\/v2\/comments?post=2271"}],"version-history":[{"count":1,"href":"http:\/\/www.cudecoop.coop\/cudecoop\/wp-json\/wp\/v2\/posts\/2271\/revisions"}],"predecessor-version":[{"id":2273,"href":"http:\/\/www.cudecoop.coop\/cudecoop\/wp-json\/wp\/v2\/posts\/2271\/revisions\/2273"}],"wp:featuredmedia":[{"embeddable":true,"href":"http:\/\/www.cudecoop.coop\/cudecoop\/wp-json\/wp\/v2\/media\/2272"}],"wp:attachment":[{"href":"http:\/\/www.cudecoop.coop\/cudecoop\/wp-json\/wp\/v2\/media?parent=2271"}],"wp:term":[{"taxonomy":"category","embeddable":true,"href":"http:\/\/www.cudecoop.coop\/cudecoop\/wp-json\/wp\/v2\/categories?post=2271"},{"taxonomy":"post_tag","embeddable":true,"href":"http:\/\/www.cudecoop.coop\/cudecoop\/wp-json\/wp\/v2\/tags?post=2271"}],"curies":[{"name":"wp","href":"https:\/\/api.w.org\/{rel}","templated":true}]}}