{"id":2268,"date":"2018-12-11T21:05:51","date_gmt":"2018-12-11T21:05:51","guid":{"rendered":"http:\/\/www.cudecoop.coop\/cudecoop\/?p=2268"},"modified":"2019-08-12T16:08:15","modified_gmt":"2019-08-12T16:08:15","slug":"evento-de-cierre-de-ano-del-programa-de-formacion-de-cooperativas-procoop","status":"publish","type":"post","link":"http:\/\/www.cudecoop.coop\/cudecoop\/evento-de-cierre-de-ano-del-programa-de-formacion-de-cooperativas-procoop\/","title":{"rendered":"Evento de cierre de a\u00f1o del Programa de Formaci\u00f3n de Cooperativas &#8211; PROCOOP &#8211;"},"content":{"rendered":"<p>En la ma\u00f1ana del lunes 10 de diciembre se presentaron los resultados de las investigaciones realizadas en el marco del Programa de Formaci\u00f3n de Cooperativas.&nbsp;<\/p>\n<p>En la apertura del evento estuvieron representantes de las organizaciones que respaldan el Programa, Rosana Perdomo por CUDECOOP, Eduardo Pereyra por INEFOP y Gustavo Bernini por INACOOP.&nbsp;<\/p>\n<p>Las investigaciones presentadas fueron las siguientes:<\/p>\n<p>&#8220;Intercooperaci\u00f3n, intermediaci\u00f3n y consumo responsable&#8221; a cargo de&nbsp;ESS AHORA<\/p>\n<p>&#8220;10 a\u00f1os de cooperativas de artistas&#8221;: a cargo de Romero, Etcheverri y Torrelli<\/p>\n<p>&#8220;Metodolog\u00eda de asistencia t\u00e9cnica a cooperativas&#8221;: a cargo&nbsp;Cooperativa Integral Consultores &#8211; CIC-&nbsp;<\/p>\n<p>&#8220;Presente y perspectivas del cooperativismo&nbsp;joven&#8221;&nbsp; a cargo de&nbsp;Cirino, V\u00e1zquez, Ardao y Buere.<\/p>\n<p>&nbsp;<\/p>\n<p>Se aprovech\u00f3 la instancia para presentar tambi\u00e9n algunos detalles sobre lo que ha sido el funcionamiento del PROCOOP, algunas las dejamos a continuaci\u00f3n:<\/p>\n<p>Se han presentado 421 demandas al PROCOOP, dentro de las cuales est\u00e1n involucradas 4.803 personas de 276 cooperativas.&nbsp;<\/p>\n<p>De las 421 demandas actuales (113 en proceso y 308 ejecutadas) se distribuyen 45% en Montevideo y 55% en el interior del pa\u00eds.&nbsp;<\/p>\n<p>Se llevan realizadas hasta ahora 308 capacitaciones y asistencias t\u00e9cnicas, y cuatro investigaciones.&nbsp;<\/p>\n<p>Se ha alcanzado al 10% de las cooperativas uruguayas, con una inversi\u00f3n en<br \/>\n308 acciones formativas por valor de unos 35.000.000 de pesos, de los cuales&nbsp;el 88% lo ha comprometido INEFOP, y el 12% la contrapartida de las<br \/>\ncooperativas.<\/p>\n<p>Se han realizado varios ajustes de funcionamiento, en base al intercambio de<br \/>\nexperiencias con INEFOP, que han permitido reducir las bajas y los tiempos<br \/>\nde atenci\u00f3n de las demandas.<\/p>\n<p>El Registro cuenta con 75 Entidades de Capacitaci\u00f3n y Asistencia T\u00e9cncia y 70 Consultores, que han recibido formaci\u00f3n&nbsp;en el nuevo M\u00f3dulo Transversal de Cooperativismo, el cual ya ha sido realizado en 125 cooperativas.<\/p>\n<p>&nbsp;<\/p>\n<p><img loading=\"lazy\" decoding=\"async\" class=\"alignnone size-medium wp-image-2269\" src=\"http:\/\/www.cudecoop.coop\/cudecoop\/wp-content\/uploads\/2018\/12\/cierre-de-a\u00f1o-2018-300x223.png\" alt=\"\" width=\"300\" height=\"223\" srcset=\"http:\/\/www.cudecoop.coop\/cudecoop\/wp-content\/uploads\/2018\/12\/cierre-de-a\u00f1o-2018-300x223.png 300w, http:\/\/www.cudecoop.coop\/cudecoop\/wp-content\/uploads\/2018\/12\/cierre-de-a\u00f1o-2018-768x570.png 768w, http:\/\/www.cudecoop.coop\/cudecoop\/wp-content\/uploads\/2018\/12\/cierre-de-a\u00f1o-2018-24x18.png 24w, http:\/\/www.cudecoop.coop\/cudecoop\/wp-content\/uploads\/2018\/12\/cierre-de-a\u00f1o-2018-36x27.png 36w, http:\/\/www.cudecoop.coop\/cudecoop\/wp-content\/uploads\/2018\/12\/cierre-de-a\u00f1o-2018-48x36.png 48w, http:\/\/www.cudecoop.coop\/cudecoop\/wp-content\/uploads\/2018\/12\/cierre-de-a\u00f1o-2018.png 852w\" sizes=\"auto, (max-width: 300px) 100vw, 300px\" \/><\/p>\n","protected":false},"excerpt":{"rendered":"<p>En la ma\u00f1ana del lunes 10 de diciembre se presentaron los resultados de las investigaciones realizadas en el marco del Programa de Formaci\u00f3n de Cooperativas.&nbsp; En la apertura del evento estuvieron representantes de las organizaciones que respaldan el Programa, Rosana Perdomo por CUDECOOP, Eduardo Pereyra por INEFOP y Gustavo Bernini por INACOOP.&nbsp; Las investigaciones presentadas fueron las siguientes: &#8220;Intercooperaci\u00f3n, intermediaci\u00f3n y consumo responsable&#8221; a cargo de&nbsp;ESS AHORA &#8220;10 a\u00f1os de cooperativas de artistas&#8221;: a cargo de Romero, Etcheverri y Torrelli &#8220;Metodolog\u00eda de asistencia t\u00e9cnica a cooperativas&#8221;: a cargo&nbsp;Cooperativa Integral Consultores &#8211; CIC-&nbsp; &#8220;Presente y perspectivas del cooperativismo&nbsp;joven&#8221;&nbsp; a cargo de&nbsp;Cirino, [&#8230;]<\/p>\n","protected":false},"author":27,"featured_media":2269,"comment_status":"open","ping_status":"open","sticky":false,"template":"","format":"standard","meta":{"_acf_changed":false,"ngg_post_thumbnail":0,"footnotes":""},"categories":[7,6,1],"tags":[],"class_list":["post-2268","post","type-post","status-publish","format-standard","has-post-thumbnail","hentry","category-cooperativas","category-institucionales","category-noticias"],"acf":[],"_links":{"self":[{"href":"http:\/\/www.cudecoop.coop\/cudecoop\/wp-json\/wp\/v2\/posts\/2268","targetHints":{"allow":["GET"]}}],"collection":[{"href":"http:\/\/www.cudecoop.coop\/cudecoop\/wp-json\/wp\/v2\/posts"}],"about":[{"href":"http:\/\/www.cudecoop.coop\/cudecoop\/wp-json\/wp\/v2\/types\/post"}],"author":[{"embeddable":true,"href":"http:\/\/www.cudecoop.coop\/cudecoop\/wp-json\/wp\/v2\/users\/27"}],"replies":[{"embeddable":true,"href":"http:\/\/www.cudecoop.coop\/cudecoop\/wp-json\/wp\/v2\/comments?post=2268"}],"version-history":[{"count":1,"href":"http:\/\/www.cudecoop.coop\/cudecoop\/wp-json\/wp\/v2\/posts\/2268\/revisions"}],"predecessor-version":[{"id":2270,"href":"http:\/\/www.cudecoop.coop\/cudecoop\/wp-json\/wp\/v2\/posts\/2268\/revisions\/2270"}],"wp:featuredmedia":[{"embeddable":true,"href":"http:\/\/www.cudecoop.coop\/cudecoop\/wp-json\/wp\/v2\/media\/2269"}],"wp:attachment":[{"href":"http:\/\/www.cudecoop.coop\/cudecoop\/wp-json\/wp\/v2\/media?parent=2268"}],"wp:term":[{"taxonomy":"category","embeddable":true,"href":"http:\/\/www.cudecoop.coop\/cudecoop\/wp-json\/wp\/v2\/categories?post=2268"},{"taxonomy":"post_tag","embeddable":true,"href":"http:\/\/www.cudecoop.coop\/cudecoop\/wp-json\/wp\/v2\/tags?post=2268"}],"curies":[{"name":"wp","href":"https:\/\/api.w.org\/{rel}","templated":true}]}}