{"id":2236,"date":"2018-12-07T21:53:25","date_gmt":"2018-12-07T21:53:25","guid":{"rendered":"http:\/\/www.cudecoop.coop\/cudecoop\/?p=2236"},"modified":"2018-12-07T21:53:25","modified_gmt":"2018-12-07T21:53:25","slug":"recibimos-una-nota-del-embajador-de-uruguay-en-argentina-hector-lescano","status":"publish","type":"post","link":"http:\/\/www.cudecoop.coop\/cudecoop\/recibimos-una-nota-del-embajador-de-uruguay-en-argentina-hector-lescano\/","title":{"rendered":"Recibimos una nota del embajador de Uruguay en Argentina, H\u00e9ctor Lescano"},"content":{"rendered":"<p>Embajada de la Rep\u00fablica Oriental del Uruguay en la Rep\u00fablica Argentina<\/p>\n<p>Buenos Aires, 05 de noviembre de 2018 Nota N*E017 2018<\/p>\n<p>Se\u00f1ora Presidenta de la Confederaci\u00f3n Uruguaya de Entidades Cooperativas Dra. Graciela Fern\u00e1ndez<\/p>\n<p>Presente.-<\/p>\n<p>Se\u00f1ora Presidenta,<\/p>\n<p>Tengo el agrado de dirigirme a la Sra. Presidenta de CUDECOOP en relaci\u00f3n a la reciente participaci\u00f3n de la significativa delegaci\u00f3n de uruguayos y uruguayas que participaron de la V Cumbre Cooperativa de las Am\u00e9ricas, realizada en la ciudad de Buenos Aires el pasado mes de octubre.<\/p>\n<p>La referida Cumbre puso de manifiesto la importancia que reviste el cooperativismo en estos tiempos para los pueblos de nuestra Am\u00e9rica.<\/p>\n<p>Finalmente, quiero expresarle mis felicitaciones y deseos de \u00e9xitos por su reciente designaci\u00f3n como Presidenta de Cooperativas de las Am\u00e9ricas y Vicepresidenta de la Alianza Cooperativa Internacional, tarea que estamos seguros desempe\u00f1ar\u00e1 con gran compromiso,<\/p>\n<p>Sin otro particular, hago propicia la oportunidad para reiterar a Usted las seguridades de mi m\u00e1s alta consideraci\u00f3n y estima.<\/p>\n<p>H\u00e9ctor Lescano<\/p>\n<p>Embajador<\/p>\n<p>&nbsp;<\/p>\n<p>&nbsp;<\/p>\n<p><a href=\"http:\/\/www.cudecoop.coop\/cudecoop\/wp-content\/uploads\/2018\/12\/Nota-Sra.-Pta.-CUDECOOP.pdf\">Nota Sra. Pta. CUDECOOP<\/a><\/p>\n","protected":false},"excerpt":{"rendered":"<p>Embajada de la Rep\u00fablica Oriental del Uruguay en la Rep\u00fablica Argentina Buenos Aires, 05 de noviembre de 2018 Nota N*E017 2018 Se\u00f1ora Presidenta de la Confederaci\u00f3n Uruguaya de Entidades Cooperativas Dra. Graciela Fern\u00e1ndez Presente.- Se\u00f1ora Presidenta, Tengo el agrado de dirigirme a la Sra. Presidenta de CUDECOOP en relaci\u00f3n a la reciente participaci\u00f3n de la significativa delegaci\u00f3n de uruguayos y uruguayas que participaron de la V Cumbre Cooperativa de las Am\u00e9ricas, realizada en la ciudad de Buenos Aires el pasado mes de octubre. La referida Cumbre puso de manifiesto la importancia que reviste el cooperativismo en estos tiempos para los [&#8230;]<\/p>\n","protected":false},"author":27,"featured_media":2238,"comment_status":"open","ping_status":"open","sticky":false,"template":"","format":"standard","meta":{"_acf_changed":false,"ngg_post_thumbnail":0,"footnotes":""},"categories":[6,1],"tags":[],"class_list":["post-2236","post","type-post","status-publish","format-standard","has-post-thumbnail","hentry","category-institucionales","category-noticias"],"acf":[],"_links":{"self":[{"href":"http:\/\/www.cudecoop.coop\/cudecoop\/wp-json\/wp\/v2\/posts\/2236","targetHints":{"allow":["GET"]}}],"collection":[{"href":"http:\/\/www.cudecoop.coop\/cudecoop\/wp-json\/wp\/v2\/posts"}],"about":[{"href":"http:\/\/www.cudecoop.coop\/cudecoop\/wp-json\/wp\/v2\/types\/post"}],"author":[{"embeddable":true,"href":"http:\/\/www.cudecoop.coop\/cudecoop\/wp-json\/wp\/v2\/users\/27"}],"replies":[{"embeddable":true,"href":"http:\/\/www.cudecoop.coop\/cudecoop\/wp-json\/wp\/v2\/comments?post=2236"}],"version-history":[{"count":1,"href":"http:\/\/www.cudecoop.coop\/cudecoop\/wp-json\/wp\/v2\/posts\/2236\/revisions"}],"predecessor-version":[{"id":2239,"href":"http:\/\/www.cudecoop.coop\/cudecoop\/wp-json\/wp\/v2\/posts\/2236\/revisions\/2239"}],"wp:featuredmedia":[{"embeddable":true,"href":"http:\/\/www.cudecoop.coop\/cudecoop\/wp-json\/wp\/v2\/media\/2238"}],"wp:attachment":[{"href":"http:\/\/www.cudecoop.coop\/cudecoop\/wp-json\/wp\/v2\/media?parent=2236"}],"wp:term":[{"taxonomy":"category","embeddable":true,"href":"http:\/\/www.cudecoop.coop\/cudecoop\/wp-json\/wp\/v2\/categories?post=2236"},{"taxonomy":"post_tag","embeddable":true,"href":"http:\/\/www.cudecoop.coop\/cudecoop\/wp-json\/wp\/v2\/tags?post=2236"}],"curies":[{"name":"wp","href":"https:\/\/api.w.org\/{rel}","templated":true}]}}