{"id":2232,"date":"2018-12-06T20:30:02","date_gmt":"2018-12-06T20:30:02","guid":{"rendered":"http:\/\/www.cudecoop.coop\/cudecoop\/?p=2232"},"modified":"2018-12-06T20:30:02","modified_gmt":"2018-12-06T20:30:02","slug":"inter-coop-activa-2018-el-evento-de-incubacoop","status":"publish","type":"post","link":"http:\/\/www.cudecoop.coop\/cudecoop\/inter-coop-activa-2018-el-evento-de-incubacoop\/","title":{"rendered":"Inter Coop Activa 2018 el evento de Incubacoop"},"content":{"rendered":"<p>En el marco de la finalizaci\u00f3n del proceso de incubaci\u00f3n, se comparti\u00f3 una jornada de reconocimiento a las cinco experiencias que dieron comienzo a la incubadora de cooperativas de base tecnol\u00f3gica.<\/p>\n<p>La Inter-Coop Activa 2018 fue el primer evento de este tipo organizado por Incubacoop, con el apoyo de INACOOP, CUDECOOP y MIEM como instituciones que la respaldan.<\/p>\n<p>Con una feria interactiva en la cual se expusieron los trabajos de algunos emprendimientos se dio apertura a una jornada colmada de emociones protagonizada por j\u00f3venes cooperativistas. Expusieron no solo quienes egresaban sino tambi\u00e9n algunos otros emprendimientos que a\u00fan se encuentran en proceso de incubaci\u00f3n. En el Sal\u00f3n de Eventos del LATU decenas de allegados y autoridades visitaron los stands donde las cooperativas <strong>Intergalactic, Simbion, Calmer Foods, Andariega, Magnesium y Feedback TV<\/strong> mostraron al p\u00fablico los productos y materiales obtenidos, explicando en detalle el funcionamiento y el fin de la cooperativa a la cual pertenecen.<\/p>\n<p>Las autoridades realizaron la apertura protocolar, realizando una evaluaci\u00f3n de Incubacoop en este tiempo que lleva de vida.&nbsp;<\/p>\n<p>Graciela Fern\u00e1ndez, presidenta de CUDECOOP, destac\u00f3 la importante presencia que el dispositivo de la incubadora ha logrado a nivel pa\u00eds, se\u00f1alando&nbsp;que <strong>\u201c se <\/strong><strong>ha logrado que Incubacoop sea para el movimiento cooperativo nacional una marca registrada. (\u2026) ya al hablar de Incubacoop no hay que explicar que es.\u201d <\/strong><\/p>\n<p>El presidente del INACOOP, Gustavo Bernini en el inicio destac\u00f3 que&nbsp;<strong>\u201ces la primera vez que tenemos una actividad p\u00fablica con la presidenta de las Cooperativas de Am\u00e9ricas, Graciela Fern\u00e1ndez.\u201d<\/strong> Y record\u00f3&nbsp;que dicho cargo, fue asumido durante la V Cumbre Cooperativa de las Am\u00e9ricas. Puso \u00e9nfasis en la importancia del cooperativismo para estimular el emprender, diciendo que&nbsp;&nbsp;<strong>\u201ctenemos que empezar a asumir esto que tenemos ac\u00e1, este tipo de programas que implican que la herramienta cooperativa es \u00f3ptima para desarrollar emprendedores y emprendedurismo\u201d<\/strong><\/p>\n<p>En representaci\u00f3n del Ministerio de Industria, Energ\u00eda y Miner\u00eda, el subsecretario Guillermo Moncecchi se expres\u00f3 comprometido con la continuidad de la incubadora <strong>\u201cSe puede ser innovador, se puede ser emprendedor y tambi\u00e9n se puede ser solidario, se pueden mantener los valores, a mi me parece que eso es un mensaje muy importante\u201d<\/strong><\/p>\n<p>A modo de finalizaci\u00f3n de la apertura, el ministro de Trabajo y Seguridad Social Ernesto Murro particip\u00f3 del espacio de reflexi\u00f3n respecto al proceso de Incubacoop <strong>\u201cnosotros somos un gobierno que quiere promover el cooperativismo, que quiere promover la formaci\u00f3n profesional\u201d<\/strong>.<\/p>\n<p>Se aprovech\u00f3 la jornada para extender el proyecto que respalda a la incubadora por dos a\u00f1os m\u00e1s, firmando el convenio entre las organizaciones parte.&nbsp;<\/p>\n<p>Continuando con el evento, se realiz\u00f3 la entrega de certificados a las cooperativas egresadas, pertenecientes al primer llamado:&nbsp;<strong>Simbion; Magnesium; Cupti, Calmer Foods&nbsp; e Intergalactic.<\/strong><\/p>\n<p>&nbsp;<\/p>\n<p>&nbsp;<\/p>\n<p>La segunda parte de la jornada fue para escuchar a conferencistas invitados vinculadas a la innovaci\u00f3n, el uso de la tecnolog\u00eda, y el emprendedurismo asociativo. Participaron de este espacio el <strong>Roberto Canessa, como perfil motivador; Stefan\u00eda Silveyra por CAF con su exposici\u00f3n \u201cInnovaci\u00f3n en el cooperativismo\u201d, el director de la empresa SIS technologies, Rafael Guarga &nbsp;y Trebor Scholz, profesor de la New School de Nueva York, quien nos envi\u00f3 su videoconferencia.<\/strong><\/p>\n<p>La Inter Coop Activa 2018 cont\u00f3 con el apoyo de UMUNTU, una empresa que transform\u00f3 el espacio en un sal\u00f3n accesible y brind\u00f3 servicio de int\u00e9rprete en lenguaje de se\u00f1as. Adem\u00e1s, acompa\u00f1\u00f3 la DJ Paola Dalto ambientando la jornada y cerramos con un almuerzo compartido de la mano del bar cooperativo FINISTERRE y La Fraterna.<\/p>\n<p>&nbsp;<\/p>\n<p>&nbsp;<\/p>\n<p>&nbsp;<\/p>\n","protected":false},"excerpt":{"rendered":"<p>En el marco de la finalizaci\u00f3n del proceso de incubaci\u00f3n, se comparti\u00f3 una jornada de reconocimiento a las cinco experiencias que dieron comienzo a la incubadora de cooperativas de base tecnol\u00f3gica. La Inter-Coop Activa 2018 fue el primer evento de este tipo organizado por Incubacoop, con el apoyo de INACOOP, CUDECOOP y MIEM como instituciones que la respaldan. Con una feria interactiva en la cual se expusieron los trabajos de algunos emprendimientos se dio apertura a una jornada colmada de emociones protagonizada por j\u00f3venes cooperativistas. Expusieron no solo quienes egresaban sino tambi\u00e9n algunos otros emprendimientos que a\u00fan se encuentran en [&#8230;]<\/p>\n","protected":false},"author":27,"featured_media":0,"comment_status":"open","ping_status":"open","sticky":false,"template":"","format":"standard","meta":{"_acf_changed":false,"ngg_post_thumbnail":0,"footnotes":""},"categories":[7,6,1],"tags":[],"class_list":["post-2232","post","type-post","status-publish","format-standard","hentry","category-cooperativas","category-institucionales","category-noticias"],"acf":[],"_links":{"self":[{"href":"http:\/\/www.cudecoop.coop\/cudecoop\/wp-json\/wp\/v2\/posts\/2232","targetHints":{"allow":["GET"]}}],"collection":[{"href":"http:\/\/www.cudecoop.coop\/cudecoop\/wp-json\/wp\/v2\/posts"}],"about":[{"href":"http:\/\/www.cudecoop.coop\/cudecoop\/wp-json\/wp\/v2\/types\/post"}],"author":[{"embeddable":true,"href":"http:\/\/www.cudecoop.coop\/cudecoop\/wp-json\/wp\/v2\/users\/27"}],"replies":[{"embeddable":true,"href":"http:\/\/www.cudecoop.coop\/cudecoop\/wp-json\/wp\/v2\/comments?post=2232"}],"version-history":[{"count":1,"href":"http:\/\/www.cudecoop.coop\/cudecoop\/wp-json\/wp\/v2\/posts\/2232\/revisions"}],"predecessor-version":[{"id":2233,"href":"http:\/\/www.cudecoop.coop\/cudecoop\/wp-json\/wp\/v2\/posts\/2232\/revisions\/2233"}],"wp:attachment":[{"href":"http:\/\/www.cudecoop.coop\/cudecoop\/wp-json\/wp\/v2\/media?parent=2232"}],"wp:term":[{"taxonomy":"category","embeddable":true,"href":"http:\/\/www.cudecoop.coop\/cudecoop\/wp-json\/wp\/v2\/categories?post=2232"},{"taxonomy":"post_tag","embeddable":true,"href":"http:\/\/www.cudecoop.coop\/cudecoop\/wp-json\/wp\/v2\/tags?post=2232"}],"curies":[{"name":"wp","href":"https:\/\/api.w.org\/{rel}","templated":true}]}}