{"id":2219,"date":"2018-12-04T22:26:50","date_gmt":"2018-12-04T22:26:50","guid":{"rendered":"http:\/\/www.cudecoop.coop\/cudecoop\/?p=2219"},"modified":"2018-12-04T22:28:30","modified_gmt":"2018-12-04T22:28:30","slug":"dialogo-para-el-futuro-de-la-educacion-cooperativa","status":"publish","type":"post","link":"http:\/\/www.cudecoop.coop\/cudecoop\/dialogo-para-el-futuro-de-la-educacion-cooperativa\/","title":{"rendered":"Di\u00e1logo para el futuro de la educaci\u00f3n cooperativa"},"content":{"rendered":"<p>La ESCUELA NACIONAL DE COOPERATIVISMO, invita a participar de esta<br \/>\nactividad a cooperativistas, dirigentes y educadores cooperativos.<br \/>\nLa misma se realizar\u00e1 el pr\u00f3ximo s\u00e1bado 8 de diciembre de 9 a 13 horas<br \/>\nen el Sal\u00f3n de Eventos de COMAG \u2013 Calle Colonia 1730, Primer Piso-<br \/>\nMontevideo.&nbsp;<\/p>\n<p>Expondr\u00e1n representantes de: CUCACC, CAF, FUCVAM, FUCEREP, FUCC,<br \/>\nACAC y FCPU.-<\/p>\n<p>Las acreditaciones se recibir\u00e1n desde la hora 8.30.-<\/p>\n<p>Los esperamos<br \/>\nComisi\u00f3n Escuela Nacional de Cooperativismo<\/p>\n","protected":false},"excerpt":{"rendered":"<p>La ESCUELA NACIONAL DE COOPERATIVISMO, invita a participar de esta<br \/> actividad a cooperativistas, dirigentes y educadores cooperativos.<br \/> La misma se realizar\u00e1 el pr\u00f3ximo s\u00e1bado 8 de diciembre de 9 a 13 horas<br \/> en el Sal\u00f3n de Eventos de COMAG \u2013 Calle Colonia 1730, Primer Piso-<br \/> Montevideo.&nbsp; Expondr\u00e1n representantes de: CUCACC, CAF, FUCVAM, FUCEREP, FUCC,<br \/> ACAC y FCPU.- Las acreditaciones se recibir\u00e1n desde la hora 8.30.- Los esperamos<br \/> Comisi\u00f3n Escuela Nacional de [&#8230;]<\/p>\n","protected":false},"author":27,"featured_media":0,"comment_status":"open","ping_status":"open","sticky":false,"template":"","format":"standard","meta":{"_acf_changed":false,"ngg_post_thumbnail":0,"footnotes":""},"categories":[6,1],"tags":[],"class_list":["post-2219","post","type-post","status-publish","format-standard","hentry","category-institucionales","category-noticias"],"acf":[],"_links":{"self":[{"href":"http:\/\/www.cudecoop.coop\/cudecoop\/wp-json\/wp\/v2\/posts\/2219","targetHints":{"allow":["GET"]}}],"collection":[{"href":"http:\/\/www.cudecoop.coop\/cudecoop\/wp-json\/wp\/v2\/posts"}],"about":[{"href":"http:\/\/www.cudecoop.coop\/cudecoop\/wp-json\/wp\/v2\/types\/post"}],"author":[{"embeddable":true,"href":"http:\/\/www.cudecoop.coop\/cudecoop\/wp-json\/wp\/v2\/users\/27"}],"replies":[{"embeddable":true,"href":"http:\/\/www.cudecoop.coop\/cudecoop\/wp-json\/wp\/v2\/comments?post=2219"}],"version-history":[{"count":1,"href":"http:\/\/www.cudecoop.coop\/cudecoop\/wp-json\/wp\/v2\/posts\/2219\/revisions"}],"predecessor-version":[{"id":2220,"href":"http:\/\/www.cudecoop.coop\/cudecoop\/wp-json\/wp\/v2\/posts\/2219\/revisions\/2220"}],"wp:attachment":[{"href":"http:\/\/www.cudecoop.coop\/cudecoop\/wp-json\/wp\/v2\/media?parent=2219"}],"wp:term":[{"taxonomy":"category","embeddable":true,"href":"http:\/\/www.cudecoop.coop\/cudecoop\/wp-json\/wp\/v2\/categories?post=2219"},{"taxonomy":"post_tag","embeddable":true,"href":"http:\/\/www.cudecoop.coop\/cudecoop\/wp-json\/wp\/v2\/tags?post=2219"}],"curies":[{"name":"wp","href":"https:\/\/api.w.org\/{rel}","templated":true}]}}