{"id":2209,"date":"2018-11-23T11:22:54","date_gmt":"2018-11-23T11:22:54","guid":{"rendered":"http:\/\/www.cudecoop.coop\/cudecoop\/?p=2209"},"modified":"2018-11-23T11:22:54","modified_gmt":"2018-11-23T11:22:54","slug":"el-cooperativismo-agrario-de-los-paises-de-america-deben-lograr-la-intercooperacion-mas-alla-de-las-fronteras","status":"publish","type":"post","link":"http:\/\/www.cudecoop.coop\/cudecoop\/el-cooperativismo-agrario-de-los-paises-de-america-deben-lograr-la-intercooperacion-mas-alla-de-las-fronteras\/","title":{"rendered":"El cooperativismo agrario de los pa\u00edses de Am\u00e9rica deben lograr la intercooperaci\u00f3n m\u00e1s all\u00e1 de las fronteras"},"content":{"rendered":"<p>El mi\u00e9rcoles 21 de noviembre, la presidenta de CUDECOOP en su rol de presidenta de Cooperativas de las Am\u00e9ricas, Regi\u00f3n de la Alianza Cooperativa Internacional, realiz\u00f3 la apertura del taller debate \u201cEl cooperativismo y asociativismo en la agricultura familiar\u201d, llevado a cabo en Montevideo.<\/p>\n<p>Este foro fue promovido por las dos Reuniones Especializadas del MERCOSUR, la de Cooperativismo y la de la Agricultura Familiar, las cuales est\u00e1n trabajando por una recomendaci\u00f3n conjunta para promover las cooperativas de agricultura familiar.<\/p>\n<p>En su discurso, Graciela Fern\u00e1ndez, se\u00f1al\u00f3 que el cooperativismo internacional est\u00e1 comprometido con la declaraci\u00f3n de la Agenda 2030 (ONU), y agreg\u00f3 que en la Declaraci\u00f3n Final surgida de la V Cumbre Cooperativa de las Am\u00e9ricas, se refuerza el compromiso del cooperativismo americano por la sostenibilidad en t\u00e9rminos ambientales, sociales y econ\u00f3micos, gener\u00e1ndose con dicha Declaraci\u00f3n, una gu\u00eda sobre las agendas que debemos conformar y donde debe estar presente el cooperativismo americano.<\/p>\n<p>Refiri\u00e9ndose a la Declaraci\u00f3n Final, parti\u00f3 de la integraci\u00f3n que la misma hace del reconocimiento de la Declaraci\u00f3n de Derechos Humanos firmada en 1948, y a los aspectos que competen al Foro donde se marcan algunas estrategias vinculadas al tema.<\/p>\n<p>Plante\u00f3 que el cooperativismo americano debe acercarse y buscar mecanismos de asociativismo, de intercambio y conexi\u00f3n con la agricultura familiar y con aquellos productores que tambi\u00e9n est\u00e1n atados al consumo responsable. Marc\u00f3 tambi\u00e9n la importancia de contar con sistemas de certificaci\u00f3n o garant\u00eda que tengan presentes&nbsp;el cooperativismo y la agricultura familiar.<\/p>\n<p>Se llama a la democratizaci\u00f3n del sistema agroalimentario, &#8220;debemos seguir insistiendo en este tema, de forma tal que sea parte de las agendas del cooperativismo agrario y de aquellas organizaciones donde est\u00e1n presentes los productores de la agricultura familiar y en particular los productores de la agricultura familiar asociados&#8221;, se\u00f1al\u00f3 Fern\u00e1ndez.<\/p>\n<p>Y para culminar,&nbsp; destac\u00f3 que es clave la cooperatizaci\u00f3n de la agricultura familiar. Lo marca en el compromiso que se asumi\u00f3 con Naciones Unidas en lo que tiene que ver con el tema de la agricultura familiar que va a estar presente para el a\u00f1o 2019.<\/p>\n<p>La mesa de apertura estuvo a cargo tambi\u00e9n de Jos\u00e9 Olascuaga, Director General de Desarrollo Rural del Ministerio de Ganader\u00eda, Agricultura y Pesca, quien lleva la presidencia Pro T\u00e9mpore de la Reuni\u00f3n Especializada sobre Agricultura Familiar; y de Carlos Reyes Director del Instituto Nacional del Cooperativismo en representaci\u00f3n de la presidencia Pro T\u00e9mpore de la Reuni\u00f3n Especializada de Cooperativismo del MERCOSUR.<\/p>\n","protected":false},"excerpt":{"rendered":"<p>El mi\u00e9rcoles 21 de noviembre, la presidenta de CUDECOOP en su rol de presidenta de Cooperativas de las Am\u00e9ricas, Regi\u00f3n de la Alianza Cooperativa Internacional, realiz\u00f3 la apertura del taller debate \u201cEl cooperativismo y asociativismo en la agricultura familiar\u201d, llevado a cabo en Montevideo. Este foro fue promovido por las dos Reuniones Especializadas del MERCOSUR, la de Cooperativismo y la de la Agricultura Familiar, las cuales est\u00e1n trabajando por una recomendaci\u00f3n conjunta para promover las cooperativas de agricultura familiar. En su discurso, Graciela Fern\u00e1ndez, se\u00f1al\u00f3 que el cooperativismo internacional est\u00e1 comprometido con la declaraci\u00f3n de la Agenda 2030 (ONU), y [&#8230;]<\/p>\n","protected":false},"author":27,"featured_media":2210,"comment_status":"open","ping_status":"open","sticky":false,"template":"","format":"standard","meta":{"_acf_changed":false,"ngg_post_thumbnail":0,"footnotes":""},"categories":[7,6,1],"tags":[],"class_list":["post-2209","post","type-post","status-publish","format-standard","has-post-thumbnail","hentry","category-cooperativas","category-institucionales","category-noticias"],"acf":[],"_links":{"self":[{"href":"http:\/\/www.cudecoop.coop\/cudecoop\/wp-json\/wp\/v2\/posts\/2209","targetHints":{"allow":["GET"]}}],"collection":[{"href":"http:\/\/www.cudecoop.coop\/cudecoop\/wp-json\/wp\/v2\/posts"}],"about":[{"href":"http:\/\/www.cudecoop.coop\/cudecoop\/wp-json\/wp\/v2\/types\/post"}],"author":[{"embeddable":true,"href":"http:\/\/www.cudecoop.coop\/cudecoop\/wp-json\/wp\/v2\/users\/27"}],"replies":[{"embeddable":true,"href":"http:\/\/www.cudecoop.coop\/cudecoop\/wp-json\/wp\/v2\/comments?post=2209"}],"version-history":[{"count":1,"href":"http:\/\/www.cudecoop.coop\/cudecoop\/wp-json\/wp\/v2\/posts\/2209\/revisions"}],"predecessor-version":[{"id":2211,"href":"http:\/\/www.cudecoop.coop\/cudecoop\/wp-json\/wp\/v2\/posts\/2209\/revisions\/2211"}],"wp:featuredmedia":[{"embeddable":true,"href":"http:\/\/www.cudecoop.coop\/cudecoop\/wp-json\/wp\/v2\/media\/2210"}],"wp:attachment":[{"href":"http:\/\/www.cudecoop.coop\/cudecoop\/wp-json\/wp\/v2\/media?parent=2209"}],"wp:term":[{"taxonomy":"category","embeddable":true,"href":"http:\/\/www.cudecoop.coop\/cudecoop\/wp-json\/wp\/v2\/categories?post=2209"},{"taxonomy":"post_tag","embeddable":true,"href":"http:\/\/www.cudecoop.coop\/cudecoop\/wp-json\/wp\/v2\/tags?post=2209"}],"curies":[{"name":"wp","href":"https:\/\/api.w.org\/{rel}","templated":true}]}}