{"id":2192,"date":"2018-11-15T22:14:18","date_gmt":"2018-11-15T22:14:18","guid":{"rendered":"http:\/\/www.cudecoop.coop\/cudecoop\/?p=2192"},"modified":"2018-11-15T22:16:55","modified_gmt":"2018-11-15T22:16:55","slug":"el-miem-premio-a-cooperativas-con-actividad-industrial","status":"publish","type":"post","link":"http:\/\/www.cudecoop.coop\/cudecoop\/el-miem-premio-a-cooperativas-con-actividad-industrial\/","title":{"rendered":"El MIEM premi\u00f3 a cooperativas con actividad industrial"},"content":{"rendered":"<p>El MIEM premi\u00f3 a cooperativas con actividad industrial, que&nbsp;<\/p>\n<p>Semanas atr\u00e1s, el Ministerio de Industria, Energ\u00eda y Miner\u00eda -MIEM- realiz\u00f3 una convocatoria a cooperativas con actividad industrial para que presenten proyectos de inversi\u00f3n y as\u00ed apoyarlas con fondos no reintegrables.&nbsp;<\/p>\n<p>CUDECOOP, CAF, FCPU, CNFR e INACOOP, participaron junto al MIEM del tribunal que evalu\u00f3 los proyectos. Este mi\u00e9rcoles 14 de novimebre, los proyectos seleccionados recibieron sus fondos no reintegrables. A continuaci\u00f3n dejamos informaci\u00f3n sobre los mismos, tomada de la web de dicho ministerio.&nbsp;<\/p>\n<h3><strong>Las cooperativas beneficiarias fueron las siguientes:<\/strong><\/h3>\n<p><strong>Unidad Cooperaria N\u00ba 1 \u2013Colol\u00f3<\/strong>, de Soriano, que recibir\u00e1 $ 444.000 para Incorporar tecnolog\u00eda y ampliar su capacidad operativa en el sector de la industria l\u00e1ctea artesanal. La inversi\u00f3n permitir\u00e1 mejorar la calidad y diversificar tanto los productos como los clientes de la cooperativa que nuclea a 17 cooperativistas.<\/p>\n<p><strong>Cooperativa Agraria R\u00edo de la Plata<\/strong>&nbsp;de Rafael Peraza, departamento de San Jos\u00e9, recibir\u00e1 $ 450.000. Los fondos se aplicar\u00e1n a la adquisici\u00f3n de maquinaria de procesamiento de semillas m\u00e1s moderna, potente y eficiente a nivel de consumo energ\u00e9tico, lo que posibilitar\u00e1 mejorar la calidad del producto, las condiciones laborales y reducir\u00e1 los costos de producci\u00f3n. Esta cooperativa cuenta con 267 integrantes.<\/p>\n<p><strong>Intergalactic<\/strong>&nbsp;del departamento de Montevideo recibir\u00e1 $ 248.000. Adquisici\u00f3n de equipos para la producci\u00f3n audiovisual. Con los fondos se adquirir\u00e1n diversos equipos destinados a la mejora de la calidad de las producciones audiovisuales de la cooperativa. Esto permitir\u00e1 diversificar clientes, ganar en eficiencia y capacidad operativa. Adem\u00e1s, se reducir\u00e1n significativamente los costos operativos ya que al momento la cooperativa est\u00e1 alquilando equipos t\u00e9cnicos.<\/p>\n<p>Cabe aclarar Intergalactic es una cooperativa que est\u00e1 pr\u00f3xima a egresar de&nbsp;<a href=\"http:\/\/http\/\/www.miem.gub.uy\/cooperativas\/incubacoop)\" target=\"_blank\" rel=\"noopener noreferrer\">Incubacoop.<\/a><\/p>\n<p><strong>Intercoperativa CPueD + Tacuab\u00e9 + Moda Chic<\/strong>, que nuclea dos cooperativas de Montevideo y una de Paysand\u00fa, recibir\u00e1 $ 670.000.<\/p>\n<p>Con los fondos Tacuab\u00e9 y Moda Chic (dedicadas a la confecci\u00f3n y tejidos) incorporar\u00e1 equipos para mejorar la calidad de los productos, que son comercializadas por Cooperativa CPueD, lo que permitir\u00e1 diversificar clientes y apuntar a la captaci\u00f3n del mercado de turistas.<\/p>\n<p>Las fotos son tomadas del MIEM.<\/p>\n<!-- index.php -->\n<div\n\tclass=\"ngg-galleryoverview\n\t ngg-ajax-pagination-none\t\"\n\tid=\"ngg-gallery-5057f266e7cf81aed62a22f5d9d98ba6-1\">\n\n\t\t<div class=\"slideshowlink\">\n\t\t<a href='http:\/\/www.cudecoop.coop\/cudecoop\/el-miem-premio-a-cooperativas-con-actividad-industrial\/nggallery\/slideshow'>&#091;Show slideshow&#093;<\/a>\n\t\t\n\t<\/div>\n\t\t\t<!-- Thumbnails -->\n\t\t\t\t<div id=\"ngg-image-0\" class=\"ngg-gallery-thumbnail-box\" \n\t\t\t\t\t\t\t\t\t\t\t>\n\t\t\t\t\t\t<div class=\"ngg-gallery-thumbnail\">\n\t\t\t<a href=\"http:\/\/www.cudecoop.coop\/cudecoop\/wp-content\/gallery\/entrega-de-fondos-no-reintegrables\/800_fima_convenio_cpued_tacuabe_moda_chic.jpg\"\n\t\t\t\ttitle=\"\"\n\t\t\t\tdata-src=\"http:\/\/www.cudecoop.coop\/cudecoop\/wp-content\/gallery\/entrega-de-fondos-no-reintegrables\/800_fima_convenio_cpued_tacuabe_moda_chic.jpg\"\n\t\t\t\tdata-thumbnail=\"http:\/\/www.cudecoop.coop\/cudecoop\/wp-content\/gallery\/entrega-de-fondos-no-reintegrables\/thumbs\/thumbs_800_fima_convenio_cpued_tacuabe_moda_chic.jpg\"\n\t\t\t\tdata-image-id=\"44\"\n\t\t\t\tdata-title=\"800_fima_convenio_cpued_tacuabe_moda_chic\"\n\t\t\t\tdata-description=\"\"\n\t\t\t\tdata-image-slug=\"800_fima_convenio_cpued_tacuabe_moda_chic\"\n\t\t\t\tclass=\"ngg-fancybox\" rel=\"5057f266e7cf81aed62a22f5d9d98ba6\">\n\t\t\t\t<img\n\t\t\t\t\ttitle=\"800_fima_convenio_cpued_tacuabe_moda_chic\"\n\t\t\t\t\talt=\"800_fima_convenio_cpued_tacuabe_moda_chic\"\n\t\t\t\t\tsrc=\"http:\/\/www.cudecoop.coop\/cudecoop\/wp-content\/gallery\/entrega-de-fondos-no-reintegrables\/thumbs\/thumbs_800_fima_convenio_cpued_tacuabe_moda_chic.jpg\"\n\t\t\t\t\twidth=\"240\"\n\t\t\t\t\theight=\"160\"\n\t\t\t\t\tstyle=\"max-width:100%;\"\n\t\t\t\t\/>\n\t\t\t<\/a>\n\t\t<\/div>\n\t\t\t\t\t\t\t<\/div> \n\t\t\t\n\t\t\n\t\t\t\t<div id=\"ngg-image-1\" class=\"ngg-gallery-thumbnail-box\" \n\t\t\t\t\t\t\t\t\t\t\t>\n\t\t\t\t\t\t<div class=\"ngg-gallery-thumbnail\">\n\t\t\t<a href=\"http:\/\/www.cudecoop.coop\/cudecoop\/wp-content\/gallery\/entrega-de-fondos-no-reintegrables\/800_firma_convenio_cooperativa_agraria_rio_de_la_plata.jpg\"\n\t\t\t\ttitle=\"\"\n\t\t\t\tdata-src=\"http:\/\/www.cudecoop.coop\/cudecoop\/wp-content\/gallery\/entrega-de-fondos-no-reintegrables\/800_firma_convenio_cooperativa_agraria_rio_de_la_plata.jpg\"\n\t\t\t\tdata-thumbnail=\"http:\/\/www.cudecoop.coop\/cudecoop\/wp-content\/gallery\/entrega-de-fondos-no-reintegrables\/thumbs\/thumbs_800_firma_convenio_cooperativa_agraria_rio_de_la_plata.jpg\"\n\t\t\t\tdata-image-id=\"45\"\n\t\t\t\tdata-title=\"800_firma_convenio_cooperativa_agraria_rio_de_la_plata\"\n\t\t\t\tdata-description=\"\"\n\t\t\t\tdata-image-slug=\"800_firma_convenio_cooperativa_agraria_rio_de_la_plata\"\n\t\t\t\tclass=\"ngg-fancybox\" rel=\"5057f266e7cf81aed62a22f5d9d98ba6\">\n\t\t\t\t<img\n\t\t\t\t\ttitle=\"800_firma_convenio_cooperativa_agraria_rio_de_la_plata\"\n\t\t\t\t\talt=\"800_firma_convenio_cooperativa_agraria_rio_de_la_plata\"\n\t\t\t\t\tsrc=\"http:\/\/www.cudecoop.coop\/cudecoop\/wp-content\/gallery\/entrega-de-fondos-no-reintegrables\/thumbs\/thumbs_800_firma_convenio_cooperativa_agraria_rio_de_la_plata.jpg\"\n\t\t\t\t\twidth=\"240\"\n\t\t\t\t\theight=\"160\"\n\t\t\t\t\tstyle=\"max-width:100%;\"\n\t\t\t\t\/>\n\t\t\t<\/a>\n\t\t<\/div>\n\t\t\t\t\t\t\t<\/div> \n\t\t\t\n\t\t\n\t\t\t\t<div id=\"ngg-image-2\" class=\"ngg-gallery-thumbnail-box\" \n\t\t\t\t\t\t\t\t\t\t\t>\n\t\t\t\t\t\t<div class=\"ngg-gallery-thumbnail\">\n\t\t\t<a href=\"http:\/\/www.cudecoop.coop\/cudecoop\/wp-content\/gallery\/entrega-de-fondos-no-reintegrables\/800_firma_convenio_coopereativas_2018.jpg\"\n\t\t\t\ttitle=\"\"\n\t\t\t\tdata-src=\"http:\/\/www.cudecoop.coop\/cudecoop\/wp-content\/gallery\/entrega-de-fondos-no-reintegrables\/800_firma_convenio_coopereativas_2018.jpg\"\n\t\t\t\tdata-thumbnail=\"http:\/\/www.cudecoop.coop\/cudecoop\/wp-content\/gallery\/entrega-de-fondos-no-reintegrables\/thumbs\/thumbs_800_firma_convenio_coopereativas_2018.jpg\"\n\t\t\t\tdata-image-id=\"46\"\n\t\t\t\tdata-title=\"800_firma_convenio_coopereativas_2018\"\n\t\t\t\tdata-description=\"\"\n\t\t\t\tdata-image-slug=\"800_firma_convenio_coopereativas_2018\"\n\t\t\t\tclass=\"ngg-fancybox\" rel=\"5057f266e7cf81aed62a22f5d9d98ba6\">\n\t\t\t\t<img\n\t\t\t\t\ttitle=\"800_firma_convenio_coopereativas_2018\"\n\t\t\t\t\talt=\"800_firma_convenio_coopereativas_2018\"\n\t\t\t\t\tsrc=\"http:\/\/www.cudecoop.coop\/cudecoop\/wp-content\/gallery\/entrega-de-fondos-no-reintegrables\/thumbs\/thumbs_800_firma_convenio_coopereativas_2018.jpg\"\n\t\t\t\t\twidth=\"240\"\n\t\t\t\t\theight=\"160\"\n\t\t\t\t\tstyle=\"max-width:100%;\"\n\t\t\t\t\/>\n\t\t\t<\/a>\n\t\t<\/div>\n\t\t\t\t\t\t\t<\/div> \n\t\t\t\n\t\t\n\t\t\t\t<div id=\"ngg-image-3\" class=\"ngg-gallery-thumbnail-box\" \n\t\t\t\t\t\t\t\t\t\t\t>\n\t\t\t\t\t\t<div class=\"ngg-gallery-thumbnail\">\n\t\t\t<a href=\"http:\/\/www.cudecoop.coop\/cudecoop\/wp-content\/gallery\/entrega-de-fondos-no-reintegrables\/800_firma_convenio_intergalactic.jpg\"\n\t\t\t\ttitle=\"\"\n\t\t\t\tdata-src=\"http:\/\/www.cudecoop.coop\/cudecoop\/wp-content\/gallery\/entrega-de-fondos-no-reintegrables\/800_firma_convenio_intergalactic.jpg\"\n\t\t\t\tdata-thumbnail=\"http:\/\/www.cudecoop.coop\/cudecoop\/wp-content\/gallery\/entrega-de-fondos-no-reintegrables\/thumbs\/thumbs_800_firma_convenio_intergalactic.jpg\"\n\t\t\t\tdata-image-id=\"47\"\n\t\t\t\tdata-title=\"800_firma_convenio_intergalactic\"\n\t\t\t\tdata-description=\"\"\n\t\t\t\tdata-image-slug=\"800_firma_convenio_intergalactic\"\n\t\t\t\tclass=\"ngg-fancybox\" rel=\"5057f266e7cf81aed62a22f5d9d98ba6\">\n\t\t\t\t<img\n\t\t\t\t\ttitle=\"800_firma_convenio_intergalactic\"\n\t\t\t\t\talt=\"800_firma_convenio_intergalactic\"\n\t\t\t\t\tsrc=\"http:\/\/www.cudecoop.coop\/cudecoop\/wp-content\/gallery\/entrega-de-fondos-no-reintegrables\/thumbs\/thumbs_800_firma_convenio_intergalactic.jpg\"\n\t\t\t\t\twidth=\"240\"\n\t\t\t\t\theight=\"160\"\n\t\t\t\t\tstyle=\"max-width:100%;\"\n\t\t\t\t\/>\n\t\t\t<\/a>\n\t\t<\/div>\n\t\t\t\t\t\t\t<\/div> \n\t\t\t\n\t\t\n\t\t\t\t<div id=\"ngg-image-4\" class=\"ngg-gallery-thumbnail-box\" \n\t\t\t\t\t\t\t\t\t\t\t>\n\t\t\t\t\t\t<div class=\"ngg-gallery-thumbnail\">\n\t\t\t<a href=\"http:\/\/www.cudecoop.coop\/cudecoop\/wp-content\/gallery\/entrega-de-fondos-no-reintegrables\/800_firma_convenio_unidad_cooperativa_n_1_-_cololo.jpg\"\n\t\t\t\ttitle=\"\"\n\t\t\t\tdata-src=\"http:\/\/www.cudecoop.coop\/cudecoop\/wp-content\/gallery\/entrega-de-fondos-no-reintegrables\/800_firma_convenio_unidad_cooperativa_n_1_-_cololo.jpg\"\n\t\t\t\tdata-thumbnail=\"http:\/\/www.cudecoop.coop\/cudecoop\/wp-content\/gallery\/entrega-de-fondos-no-reintegrables\/thumbs\/thumbs_800_firma_convenio_unidad_cooperativa_n_1_-_cololo.jpg\"\n\t\t\t\tdata-image-id=\"48\"\n\t\t\t\tdata-title=\"800_firma_convenio_unidad_cooperativa_n_1_-_cololo\"\n\t\t\t\tdata-description=\"\"\n\t\t\t\tdata-image-slug=\"800_firma_convenio_unidad_cooperativa_n_1_-_cololo\"\n\t\t\t\tclass=\"ngg-fancybox\" rel=\"5057f266e7cf81aed62a22f5d9d98ba6\">\n\t\t\t\t<img\n\t\t\t\t\ttitle=\"800_firma_convenio_unidad_cooperativa_n_1_-_cololo\"\n\t\t\t\t\talt=\"800_firma_convenio_unidad_cooperativa_n_1_-_cololo\"\n\t\t\t\t\tsrc=\"http:\/\/www.cudecoop.coop\/cudecoop\/wp-content\/gallery\/entrega-de-fondos-no-reintegrables\/thumbs\/thumbs_800_firma_convenio_unidad_cooperativa_n_1_-_cololo.jpg\"\n\t\t\t\t\twidth=\"240\"\n\t\t\t\t\theight=\"160\"\n\t\t\t\t\tstyle=\"max-width:100%;\"\n\t\t\t\t\/>\n\t\t\t<\/a>\n\t\t<\/div>\n\t\t\t\t\t\t\t<\/div> \n\t\t\t\n\t\t\n\t\t\n\t\t<!-- Pagination -->\n\t\t<div class='ngg-clear'><\/div>\t<\/div>\n\n<p>&nbsp;<\/p>\n","protected":false},"excerpt":{"rendered":"<p>El MIEM premi\u00f3 a cooperativas con actividad industrial, que&nbsp; Semanas atr\u00e1s, el Ministerio de Industria, Energ\u00eda y Miner\u00eda -MIEM- realiz\u00f3 una convocatoria a cooperativas con actividad industrial para que presenten proyectos de inversi\u00f3n y as\u00ed apoyarlas con fondos no reintegrables.&nbsp; CUDECOOP, CAF, FCPU, CNFR e INACOOP, participaron junto al MIEM del tribunal que evalu\u00f3 los proyectos. Este mi\u00e9rcoles 14 de novimebre, los proyectos seleccionados recibieron sus fondos no reintegrables. A continuaci\u00f3n dejamos informaci\u00f3n sobre los mismos, tomada de la web de dicho ministerio.&nbsp; Las cooperativas beneficiarias fueron las siguientes: Unidad Cooperaria N\u00ba 1 \u2013Colol\u00f3, de Soriano, que recibir\u00e1 $ 444.000 [&#8230;]<\/p>\n","protected":false},"author":27,"featured_media":2193,"comment_status":"open","ping_status":"open","sticky":false,"template":"","format":"standard","meta":{"_acf_changed":false,"ngg_post_thumbnail":0,"footnotes":""},"categories":[7,6,1],"tags":[],"class_list":["post-2192","post","type-post","status-publish","format-standard","has-post-thumbnail","hentry","category-cooperativas","category-institucionales","category-noticias"],"acf":[],"_links":{"self":[{"href":"http:\/\/www.cudecoop.coop\/cudecoop\/wp-json\/wp\/v2\/posts\/2192","targetHints":{"allow":["GET"]}}],"collection":[{"href":"http:\/\/www.cudecoop.coop\/cudecoop\/wp-json\/wp\/v2\/posts"}],"about":[{"href":"http:\/\/www.cudecoop.coop\/cudecoop\/wp-json\/wp\/v2\/types\/post"}],"author":[{"embeddable":true,"href":"http:\/\/www.cudecoop.coop\/cudecoop\/wp-json\/wp\/v2\/users\/27"}],"replies":[{"embeddable":true,"href":"http:\/\/www.cudecoop.coop\/cudecoop\/wp-json\/wp\/v2\/comments?post=2192"}],"version-history":[{"count":2,"href":"http:\/\/www.cudecoop.coop\/cudecoop\/wp-json\/wp\/v2\/posts\/2192\/revisions"}],"predecessor-version":[{"id":2207,"href":"http:\/\/www.cudecoop.coop\/cudecoop\/wp-json\/wp\/v2\/posts\/2192\/revisions\/2207"}],"wp:featuredmedia":[{"embeddable":true,"href":"http:\/\/www.cudecoop.coop\/cudecoop\/wp-json\/wp\/v2\/media\/2193"}],"wp:attachment":[{"href":"http:\/\/www.cudecoop.coop\/cudecoop\/wp-json\/wp\/v2\/media?parent=2192"}],"wp:term":[{"taxonomy":"category","embeddable":true,"href":"http:\/\/www.cudecoop.coop\/cudecoop\/wp-json\/wp\/v2\/categories?post=2192"},{"taxonomy":"post_tag","embeddable":true,"href":"http:\/\/www.cudecoop.coop\/cudecoop\/wp-json\/wp\/v2\/tags?post=2192"}],"curies":[{"name":"wp","href":"https:\/\/api.w.org\/{rel}","templated":true}]}}