{"id":2178,"date":"2018-11-07T00:38:31","date_gmt":"2018-11-07T00:38:31","guid":{"rendered":"http:\/\/www.cudecoop.coop\/cudecoop\/?p=2178"},"modified":"2018-11-07T00:38:31","modified_gmt":"2018-11-07T00:38:31","slug":"cobertura-de-prensa-de-la-v-cumbre-cooperativa-de-las-americas","status":"publish","type":"post","link":"http:\/\/www.cudecoop.coop\/cudecoop\/cobertura-de-prensa-de-la-v-cumbre-cooperativa-de-las-americas\/","title":{"rendered":"Cobertura de prensa de la V Cumbre Cooperativa de las Am\u00e9ricas"},"content":{"rendered":"<p><strong>La Diaria<\/strong><\/p>\n<p>Se realiz\u00f3 la V Cumbre Cooperativa de las Am\u00e9ricas en Buenos Aires<\/p>\n<p><a href=\"https:\/\/trabajo.ladiaria.com.uy\/articulo\/2018\/11\/se-realizo-la-v-cumbre-cooperativa-de-las-americas-en-buenos-aires\/\">Defensa del planeta, inclusi\u00f3n y democratizaci\u00f3n financiera e integraci\u00f3n cooperativa para aportar a la AMDS.&nbsp;<\/a>&nbsp;<\/p>\n<p>&nbsp;<\/p>\n<p><strong>Clar\u00edn<\/strong><\/p>\n<p>Las cooperativas del agro son claves para el desarrollo sostenible del continente americano<\/p>\n<p><a href=\"https:\/\/www.clarin.com\/rural\/cooperativas-agro-claves-desarrollo-sostenible-continente-americano_0_JZX3YpGC3.html\">Esta fue una de las conclusiones&nbsp;de V Cumbre Cooperativa de las Am\u00e9ricas, que se realiz\u00f3 hace unos d\u00edas en Buenos Aires.&nbsp;<\/a><\/p>\n<p>&nbsp;<\/p>\n<p><strong>La Rep\u00fablica<\/strong><\/p>\n<p>Uruguay es pionero en promulgar el estatuto de cooperativas en Mercosur<\/p>\n<p><a href=\"https:\/\/www.republica.com.uy\/uruguay-es-pionero-en-promulgar-el-estatuto-de-cooperativas-en-mercosur-id681474\/\">El pa\u00eds cuenta con 3.500 cooperativas conformadas por un mill\u00f3n de habitantes.&nbsp;<\/a><\/p>\n<p>&nbsp;<\/p>\n<p><strong>Brecha<\/strong><\/p>\n<p>No son incompatibles<\/p>\n<p><a href=\"https:\/\/brecha.com.uy\/no-son-incompatibles\/\">La inserci\u00f3n del cooperativismo en la era digital.&nbsp;<\/a><\/p>\n<p>&nbsp;<\/p>\n<p><strong>La Gaceta<\/strong><\/p>\n<p>Una mujer liderar\u00e1 por primera vez al cooperativismo de las Am\u00e9ricas<\/p>\n<p><a href=\"http:\/\/lagaceta.cooperar.coop\/una-mujer-liderara-por-primera-vez-al-cooperativismo-de-las-americas\/?fbclid=IwAR1ofWmrxKgdiLa4RymqgPp0oEYxf3_hMg9uW4skOVP5OQrBKwwwcJgpGP4\">Graciela Fern\u00e1ndez, de Uruguay, fue elegida en la asamblea realizada en buenos aires. <\/a><\/p>\n<p>&nbsp;<\/p>\n<p><strong>El Teclado<\/strong><\/p>\n<p>Por primera vez en la historia, una mujer liderar\u00e1 el cooperativismo en el continente americano<\/p>\n<p><a href=\"http:\/\/elteclado.com.ar\/nota\/4097\/por_primera_vez_en_la_historia_una_mujer_liderara_el_cooperativismo_en_america\">Se trata de la presidenta de la Confederaci\u00f3n Uruguaya de Cooperativas (Cudecoop), Graciela Fern\u00e1ndez. Se convirti\u00f3 en la primera mujer en quedar al frente de la Regi\u00f3n de la Alianza Cooperativa Internacional.<\/a><\/p>\n<p>&nbsp;<\/p>\n<p><strong>El Ciudadano<\/strong><\/p>\n<p>Cumbre de cooperativas: \u201cprimero est\u00e1 la humanidad\u201d<\/p>\n<p><a href=\"https:\/\/www.elciudadanoweb.com\/cumbre-de-cooperativas-primero-esta-la-humanidad\/\">Cerr\u00f3 en Buenos Aires la V Cumbre Continental de Cooperativas con la advertencia de una inminente crisis ambiental global. El presidente de la Asociaci\u00f3n Cooperativa Internacional, Ariel Guarco, marc\u00f3 que s\u00f3lo un brusco giro hacia un modelo de cooperaci\u00f3n y desarrollo sostenible podr\u00e1 evitarlo.&nbsp;<\/a><\/p>\n<p>&nbsp;<\/p>\n<p><strong>Paran\u00e1 Cooperativo<\/strong><\/p>\n<p>OCB participa da 5\u00aa C\u00fapula de Cooperativas das Am\u00e9ricas<\/p>\n<p><a href=\"http:\/\/www.paranacooperativo.coop.br\/ppc\/index.php\/sistema-ocepar\/comunicacao\/2011-12-07-11-06-29\/ultimas-noticias\/119972-evento-i-ocb-participa-da-5-cupula-de-cooperativas-das-americas\">O cooperativismo frente aos desafios globais. Esse foi o tema da quinta edi\u00e7\u00e3o da C\u00fapula de Cooperativas das Am\u00e9ricas, que terminou na sexta-feira (26\/10), em Buenos Aires, na Argentina. O evento \u00e9 realizado pelo pela Alian\u00e7a Cooperativa Internacional para as Am\u00e9ricas e reuniu mais de 1,5 mil cooperativistas de 26 pa\u00edses, incluindo do Brasil.<\/a><\/p>\n<p>&nbsp;<\/p>\n<p><strong>The News<\/strong><\/p>\n<p>Co-operative Summit of the Americas adopts declaration to protect the planet<\/p>\n<p><a href=\"https:\/\/www.thenews.coop\/133307\/sector\/regional-organisations\/co-operative-summit-americas-adopts-declaration-protect-planet\/\">&#8216;We say no to the commercial war, we say no to the walls &#8230; we say that no country is first, because humanity is what comes first&#8217;<\/a><\/p>\n<p>&nbsp;<\/p>\n<p>Entrevistas emitidas en <strong>Radio Sarand\u00ed,<\/strong> subidas en nuestro canal de Youtube<\/p>\n<p>&nbsp;<\/p>\n<p><iframe loading=\"lazy\" title=\"Ricardo Pisciottano - V Cumbre Cooperativa de las Am\u00e9ricas\" width=\"525\" height=\"295\" src=\"https:\/\/www.youtube.com\/embed\/EYIyQ2MzGXE?start=26&#038;feature=oembed\" frameborder=\"0\" allow=\"accelerometer; autoplay; clipboard-write; encrypted-media; gyroscope; picture-in-picture; web-share\" referrerpolicy=\"strict-origin-when-cross-origin\" allowfullscreen><\/iframe><\/p>\n<p><iframe loading=\"lazy\" title=\"Ricardo Lopez - V Cumbre Cooperativa de las Am\u00e9ricas\" width=\"525\" height=\"295\" src=\"https:\/\/www.youtube.com\/embed\/F_f3eCmbTAo?feature=oembed\" frameborder=\"0\" allow=\"accelerometer; autoplay; clipboard-write; encrypted-media; gyroscope; picture-in-picture; web-share\" referrerpolicy=\"strict-origin-when-cross-origin\" allowfullscreen><\/iframe><\/p>\n<p><iframe loading=\"lazy\" title=\"Facundo Gomez - V Cumbre Cooperativa de las Am\u00e9ricas\" width=\"525\" height=\"295\" src=\"https:\/\/www.youtube.com\/embed\/WemIoGyAy9M?feature=oembed\" frameborder=\"0\" allow=\"accelerometer; autoplay; clipboard-write; encrypted-media; gyroscope; picture-in-picture; web-share\" referrerpolicy=\"strict-origin-when-cross-origin\" allowfullscreen><\/iframe><\/p>\n<p><iframe loading=\"lazy\" title=\"Intergalactic, cooperativa audiovisual. Entrevista a Andr\u00e9s Roel en la V Cumbre Cooperativa\" width=\"525\" height=\"295\" src=\"https:\/\/www.youtube.com\/embed\/VF9lEiy1LCM?feature=oembed\" frameborder=\"0\" allow=\"accelerometer; autoplay; clipboard-write; encrypted-media; gyroscope; picture-in-picture; web-share\" referrerpolicy=\"strict-origin-when-cross-origin\" allowfullscreen><\/iframe><\/p>\n<p>&nbsp;<\/p>\n<p>&nbsp;<\/p>\n<h1>&nbsp;<\/h1>\n<p>&nbsp;<\/p>\n<h1>&nbsp;<\/h1>\n<p>&nbsp;<\/p>\n","protected":false},"excerpt":{"rendered":"<p>La Diaria Se realiz\u00f3 la V Cumbre Cooperativa de las Am\u00e9ricas en Buenos Aires Defensa del planeta, inclusi\u00f3n y democratizaci\u00f3n financiera e integraci\u00f3n cooperativa para aportar a la AMDS.&nbsp;&nbsp; &nbsp; Clar\u00edn Las cooperativas del agro son claves para el desarrollo sostenible del continente americano Esta fue una de las conclusiones&nbsp;de V Cumbre Cooperativa de las Am\u00e9ricas, que se realiz\u00f3 hace unos d\u00edas en Buenos Aires.&nbsp; &nbsp; La Rep\u00fablica Uruguay es pionero en promulgar el estatuto de cooperativas en Mercosur El pa\u00eds cuenta con 3.500 cooperativas conformadas por un mill\u00f3n de habitantes.&nbsp; &nbsp; Brecha No son incompatibles La inserci\u00f3n del cooperativismo [&#8230;]<\/p>\n","protected":false},"author":27,"featured_media":0,"comment_status":"open","ping_status":"open","sticky":false,"template":"","format":"standard","meta":{"_acf_changed":false,"ngg_post_thumbnail":0,"footnotes":""},"categories":[6,1],"tags":[],"class_list":["post-2178","post","type-post","status-publish","format-standard","hentry","category-institucionales","category-noticias"],"acf":[],"_links":{"self":[{"href":"http:\/\/www.cudecoop.coop\/cudecoop\/wp-json\/wp\/v2\/posts\/2178","targetHints":{"allow":["GET"]}}],"collection":[{"href":"http:\/\/www.cudecoop.coop\/cudecoop\/wp-json\/wp\/v2\/posts"}],"about":[{"href":"http:\/\/www.cudecoop.coop\/cudecoop\/wp-json\/wp\/v2\/types\/post"}],"author":[{"embeddable":true,"href":"http:\/\/www.cudecoop.coop\/cudecoop\/wp-json\/wp\/v2\/users\/27"}],"replies":[{"embeddable":true,"href":"http:\/\/www.cudecoop.coop\/cudecoop\/wp-json\/wp\/v2\/comments?post=2178"}],"version-history":[{"count":1,"href":"http:\/\/www.cudecoop.coop\/cudecoop\/wp-json\/wp\/v2\/posts\/2178\/revisions"}],"predecessor-version":[{"id":2180,"href":"http:\/\/www.cudecoop.coop\/cudecoop\/wp-json\/wp\/v2\/posts\/2178\/revisions\/2180"}],"wp:attachment":[{"href":"http:\/\/www.cudecoop.coop\/cudecoop\/wp-json\/wp\/v2\/media?parent=2178"}],"wp:term":[{"taxonomy":"category","embeddable":true,"href":"http:\/\/www.cudecoop.coop\/cudecoop\/wp-json\/wp\/v2\/categories?post=2178"},{"taxonomy":"post_tag","embeddable":true,"href":"http:\/\/www.cudecoop.coop\/cudecoop\/wp-json\/wp\/v2\/tags?post=2178"}],"curies":[{"name":"wp","href":"https:\/\/api.w.org\/{rel}","templated":true}]}}