{"id":2137,"date":"2018-10-18T16:45:23","date_gmt":"2018-10-18T16:45:23","guid":{"rendered":"http:\/\/www.cudecoop.coop\/cudecoop\/?p=2137"},"modified":"2018-10-18T16:45:23","modified_gmt":"2018-10-18T16:45:23","slug":"70mo-dia-internacional-de-las-cooperativas-de-ahorro-y-credito","status":"publish","type":"post","link":"http:\/\/www.cudecoop.coop\/cudecoop\/70mo-dia-internacional-de-las-cooperativas-de-ahorro-y-credito\/","title":{"rendered":"70mo D\u00eda internacional de las Cooperativas de Ahorro y Cr\u00e9dito"},"content":{"rendered":"<p>Hoy jueves 18 de octubre se celebra el 70mo D\u00eda internacional de las Cooperativas de Ahorro y Cr\u00e9dito. En redes sociales se puede seguir a trav\u00e9s del hashtag #icuday.&nbsp;<\/p>\n<p>Desde Uruguay nos sumamos al lema de la campa\u00f1a internacional la cual dejamos a continuaci\u00f3n.<\/p>\n<p><span class=\"notranslate\">El D\u00eda Internacional de la Cooperativa de Cr\u00e9dito (UCI) celebra el esp\u00edritu del movimiento global de cooperativas de cr\u00e9dito.<\/span><span class=\"notranslate\">El d\u00eda es reconocido para reflexionar sobre la historia del movimiento de cooperativas de ahorro y cr\u00e9dito, promover sus logros, reconocer el trabajo arduo y compartir las experiencias de los miembros.<\/span>&nbsp;<span class=\"notranslate\">El D\u00eda Internacional de la Cooperativa de Cr\u00e9dito (UCI) se ha celebrado el tercer jueves de octubre desde 1948.<\/span><\/p>\n<p><span class=\"notranslate\">El objetivo final es crear conciencia sobre el tremendo trabajo que realizan las cooperativas de ahorro y cr\u00e9dito y otras cooperativas financieras en todo el mundo y brindarles a los miembros la oportunidad de comprometerse m\u00e1s.<\/span>&nbsp;<span class=\"notranslate\">El d\u00eda de las festividades para cooperativas de cr\u00e9dito y cooperativas financieras a nivel mundial incluye recaudadores de fondos, casas abiertas, concursos, picnics, voluntariado y desfiles.<\/span>&nbsp;<\/p>\n<p><span class=\"notranslate\">\u00a1El&nbsp;<b>18 de octubre de 2018<\/b>&nbsp;, \u00fanase a su familia global de cooperativas de cr\u00e9dito mientras&nbsp;<a href=\"https:\/\/translate.googleusercontent.com\/translate_c?depth=1&amp;hl=es&amp;prev=search&amp;rurl=translate.google.com.uy&amp;sl=en&amp;sp=nmt4&amp;u=https:\/\/www.woccu.org\/events_and_engagement\/icuday\/icuday_celebrationideas&amp;xid=17259,15700022,15700124,15700149,15700186,15700191,15700201,15700214&amp;usg=ALkJrhg4H6g7ilbaNl9yJiNKAhB3d-6w9g\" target=\"_blank\" rel=\"noopener noreferrer\">celebramos<\/a>&nbsp;el 70 aniversario del D\u00eda de la UCI\u00ae!<\/span>&nbsp;<\/p>\n<p><span class=\"notranslate\">Los carteles y logotipos oficiales del D\u00eda de la UCI est\u00e1n disponibles a continuaci\u00f3n para descargar e imprimir.<\/span>&nbsp;<span class=\"notranslate\">La&nbsp;<a href=\"https:\/\/translate.googleusercontent.com\/translate_c?depth=1&amp;hl=es&amp;prev=search&amp;rurl=translate.google.com.uy&amp;sl=en&amp;sp=nmt4&amp;u=https:\/\/www.cuna.org\/icuday\/&amp;xid=17259,15700022,15700124,15700149,15700186,15700191,15700201,15700214&amp;usg=ALkJrhjQbLcO4yW-yj4kGbDz58kc7z3XVg\" target=\"_blank\" rel=\"noopener noreferrer\">Asociaci\u00f3n Nacional de Cooperativas de Ahorro y Cr\u00e9dito de los<\/a>&nbsp;Estados&nbsp;<a href=\"https:\/\/translate.googleusercontent.com\/translate_c?depth=1&amp;hl=es&amp;prev=search&amp;rurl=translate.google.com.uy&amp;sl=en&amp;sp=nmt4&amp;u=https:\/\/www.cuna.org\/icuday\/&amp;xid=17259,15700022,15700124,15700149,15700186,15700191,15700201,15700214&amp;usg=ALkJrhjQbLcO4yW-yj4kGbDz58kc7z3XVg\" target=\"_blank\" rel=\"noopener noreferrer\">Unidos (CUNA)<\/a>&nbsp;tambi\u00e9n ofrece una variedad de recursos promocionales para ayudar con las celebraciones del D\u00eda de la UCI.<\/span>&nbsp;<\/p>\n<p>&nbsp;<\/p>\n<p><img loading=\"lazy\" decoding=\"async\" class=\"alignnone size-medium wp-image-2138\" src=\"http:\/\/www.cudecoop.coop\/cudecoop\/wp-content\/uploads\/2018\/10\/ICUday2018_300x290-01-300x290.jpg\" alt=\"\" width=\"300\" height=\"290\" srcset=\"http:\/\/www.cudecoop.coop\/cudecoop\/wp-content\/uploads\/2018\/10\/ICUday2018_300x290-01.jpg 300w, http:\/\/www.cudecoop.coop\/cudecoop\/wp-content\/uploads\/2018\/10\/ICUday2018_300x290-01-24x24.jpg 24w, http:\/\/www.cudecoop.coop\/cudecoop\/wp-content\/uploads\/2018\/10\/ICUday2018_300x290-01-36x36.jpg 36w, http:\/\/www.cudecoop.coop\/cudecoop\/wp-content\/uploads\/2018\/10\/ICUday2018_300x290-01-48x46.jpg 48w\" sizes=\"auto, (max-width: 300px) 100vw, 300px\" \/><\/p>\n<p>&nbsp;<\/p>\n","protected":false},"excerpt":{"rendered":"<p>Hoy jueves 18 de octubre se celebra el 70mo D\u00eda internacional de las Cooperativas de Ahorro y Cr\u00e9dito. En redes sociales se puede seguir a trav\u00e9s del hashtag #icuday.&nbsp; Desde Uruguay nos sumamos al lema de la campa\u00f1a internacional la cual dejamos a continuaci\u00f3n. El D\u00eda Internacional de la Cooperativa de Cr\u00e9dito (UCI) celebra el esp\u00edritu del movimiento global de cooperativas de cr\u00e9dito.El d\u00eda es reconocido para reflexionar sobre la historia del movimiento de cooperativas de ahorro y cr\u00e9dito, promover sus logros, reconocer el trabajo arduo y compartir las experiencias de los miembros.&nbsp;El D\u00eda Internacional de la Cooperativa de Cr\u00e9dito [&#8230;]<\/p>\n","protected":false},"author":27,"featured_media":2139,"comment_status":"open","ping_status":"open","sticky":false,"template":"","format":"standard","meta":{"_acf_changed":false,"ngg_post_thumbnail":0,"footnotes":""},"categories":[7,6,1],"tags":[],"class_list":["post-2137","post","type-post","status-publish","format-standard","has-post-thumbnail","hentry","category-cooperativas","category-institucionales","category-noticias"],"acf":[],"_links":{"self":[{"href":"http:\/\/www.cudecoop.coop\/cudecoop\/wp-json\/wp\/v2\/posts\/2137","targetHints":{"allow":["GET"]}}],"collection":[{"href":"http:\/\/www.cudecoop.coop\/cudecoop\/wp-json\/wp\/v2\/posts"}],"about":[{"href":"http:\/\/www.cudecoop.coop\/cudecoop\/wp-json\/wp\/v2\/types\/post"}],"author":[{"embeddable":true,"href":"http:\/\/www.cudecoop.coop\/cudecoop\/wp-json\/wp\/v2\/users\/27"}],"replies":[{"embeddable":true,"href":"http:\/\/www.cudecoop.coop\/cudecoop\/wp-json\/wp\/v2\/comments?post=2137"}],"version-history":[{"count":1,"href":"http:\/\/www.cudecoop.coop\/cudecoop\/wp-json\/wp\/v2\/posts\/2137\/revisions"}],"predecessor-version":[{"id":2140,"href":"http:\/\/www.cudecoop.coop\/cudecoop\/wp-json\/wp\/v2\/posts\/2137\/revisions\/2140"}],"wp:featuredmedia":[{"embeddable":true,"href":"http:\/\/www.cudecoop.coop\/cudecoop\/wp-json\/wp\/v2\/media\/2139"}],"wp:attachment":[{"href":"http:\/\/www.cudecoop.coop\/cudecoop\/wp-json\/wp\/v2\/media?parent=2137"}],"wp:term":[{"taxonomy":"category","embeddable":true,"href":"http:\/\/www.cudecoop.coop\/cudecoop\/wp-json\/wp\/v2\/categories?post=2137"},{"taxonomy":"post_tag","embeddable":true,"href":"http:\/\/www.cudecoop.coop\/cudecoop\/wp-json\/wp\/v2\/tags?post=2137"}],"curies":[{"name":"wp","href":"https:\/\/api.w.org\/{rel}","templated":true}]}}