{"id":2132,"date":"2018-10-16T19:30:35","date_gmt":"2018-10-16T19:30:35","guid":{"rendered":"http:\/\/www.cudecoop.coop\/cudecoop\/?p=2132"},"modified":"2018-10-16T19:33:23","modified_gmt":"2018-10-16T19:33:23","slug":"27o-aniversario-de-conpacoop","status":"publish","type":"post","link":"http:\/\/www.cudecoop.coop\/cudecoop\/27o-aniversario-de-conpacoop\/","title":{"rendered":"27\u00ba Aniversario de CONPACOOP"},"content":{"rendered":"<p>Nuestra presidenta, la Dra. Graciela Fern\u00e1ndez, particip\u00f3 esta ma\u00f1ana de la&nbsp;&nbsp;celebraci\u00f3n del 27 aniversario de la Confederaci\u00f3n Paraguaya de Cooperativas CONPACOOP.<br \/>\nParticip\u00f3 del lanzamiento del libro &#8220;Vivencias de Ayuda Mutua y Cooperativismo en el Paraguay&#8221; y de la Conferencia Magistral &#8220;Desarrollo del Movimiento Cooperativo y Pol\u00edticas P\u00fablicas&#8221;.<\/p>\n<p>Felicitamos a la CONPACOOP en su nuevo aniversario<\/p>\n<p>Compartimos el registro realizado por CONPACOOP de la exposici\u00f3n a cargo de Graciela Fern\u00e1ndez.&nbsp;<\/p>\n<p>https:\/\/www.facebook.com\/293323060775175\/videos\/266307234021560\/<\/p>\n<p>&nbsp;<\/p>\n","protected":false},"excerpt":{"rendered":"<p>Nuestra presidenta, la Dra. Graciela Fern\u00e1ndez, particip\u00f3 esta ma\u00f1ana de la&nbsp;&nbsp;celebraci\u00f3n del 27 aniversario de la Confederaci\u00f3n Paraguaya de Cooperativas CONPACOOP.<br \/> Particip\u00f3 del lanzamiento del libro &#8220;Vivencias de Ayuda Mutua y Cooperativismo en el Paraguay&#8221; y de la Conferencia Magistral &#8220;Desarrollo del Movimiento Cooperativo y Pol\u00edticas P\u00fablicas&#8221;. Felicitamos a la CONPACOOP en su nuevo aniversario Compartimos el registro realizado por CONPACOOP de la exposici\u00f3n a cargo de Graciela Fern\u00e1ndez.&nbsp; https:\/\/www.facebook.com\/293323060775175\/videos\/266307234021560\/ [&#8230;]<\/p>\n","protected":false},"author":27,"featured_media":2133,"comment_status":"open","ping_status":"open","sticky":false,"template":"","format":"standard","meta":{"_acf_changed":false,"ngg_post_thumbnail":0,"footnotes":""},"categories":[7,6,1],"tags":[],"class_list":["post-2132","post","type-post","status-publish","format-standard","has-post-thumbnail","hentry","category-cooperativas","category-institucionales","category-noticias"],"acf":[],"_links":{"self":[{"href":"http:\/\/www.cudecoop.coop\/cudecoop\/wp-json\/wp\/v2\/posts\/2132","targetHints":{"allow":["GET"]}}],"collection":[{"href":"http:\/\/www.cudecoop.coop\/cudecoop\/wp-json\/wp\/v2\/posts"}],"about":[{"href":"http:\/\/www.cudecoop.coop\/cudecoop\/wp-json\/wp\/v2\/types\/post"}],"author":[{"embeddable":true,"href":"http:\/\/www.cudecoop.coop\/cudecoop\/wp-json\/wp\/v2\/users\/27"}],"replies":[{"embeddable":true,"href":"http:\/\/www.cudecoop.coop\/cudecoop\/wp-json\/wp\/v2\/comments?post=2132"}],"version-history":[{"count":3,"href":"http:\/\/www.cudecoop.coop\/cudecoop\/wp-json\/wp\/v2\/posts\/2132\/revisions"}],"predecessor-version":[{"id":2136,"href":"http:\/\/www.cudecoop.coop\/cudecoop\/wp-json\/wp\/v2\/posts\/2132\/revisions\/2136"}],"wp:featuredmedia":[{"embeddable":true,"href":"http:\/\/www.cudecoop.coop\/cudecoop\/wp-json\/wp\/v2\/media\/2133"}],"wp:attachment":[{"href":"http:\/\/www.cudecoop.coop\/cudecoop\/wp-json\/wp\/v2\/media?parent=2132"}],"wp:term":[{"taxonomy":"category","embeddable":true,"href":"http:\/\/www.cudecoop.coop\/cudecoop\/wp-json\/wp\/v2\/categories?post=2132"},{"taxonomy":"post_tag","embeddable":true,"href":"http:\/\/www.cudecoop.coop\/cudecoop\/wp-json\/wp\/v2\/tags?post=2132"}],"curies":[{"name":"wp","href":"https:\/\/api.w.org\/{rel}","templated":true}]}}