{"id":2119,"date":"2018-10-02T21:23:09","date_gmt":"2018-10-02T21:23:09","guid":{"rendered":"http:\/\/www.cudecoop.coop\/cudecoop\/?p=2119"},"modified":"2018-10-04T20:09:43","modified_gmt":"2018-10-04T20:09:43","slug":"nuevas-formas-de-comercio","status":"publish","type":"post","link":"http:\/\/www.cudecoop.coop\/cudecoop\/nuevas-formas-de-comercio\/","title":{"rendered":"Nuevas formas de comercio"},"content":{"rendered":"<p>La tarde del jueves 27 de setiembre en instalaciones de COMAG, el Consejo Directivo provisorio de la Escuela Nacional de Cooperativismo se encarg\u00f3 de poner en marcha un nuevo ciclo de Formaci\u00f3n&nbsp; para dirigentes cooperativistas.<\/p>\n<p>Esta entrega estuvo a cargo de la Dra. Luc\u00eda Banchieri (Arg.) y tuvo como prop\u00f3sito presentar la experiencia de la Central de Compras de la Federaci\u00f3n Argentina de Cooperativas de Consumo (FACC).<\/p>\n<p>Se tom\u00f3 como eje la experiencia argentina en relaci\u00f3n al proceso de cambios e integraci\u00f3n para racionalizar recursos y su incipiente comercio electr\u00f3nico. La disertante expuso respecto al contexto de su naci\u00f3n y c\u00f3mo este afecta cooperativismo de consumo, as\u00ed como tambi\u00e9n se refiri\u00f3 a la realidad del sector minorista en la Argentina.&nbsp;<\/p>\n<p>Participaron del encuentro dirigentes cooperativistas de todos los sectores.&nbsp;<\/p>\n<p>Aqu\u00ed la presentaci\u00f3n de Luc\u00eda Banchieri:<\/p>\n<p>&nbsp;<\/p>\n<p><iframe loading=\"lazy\" title=\"NUEVAS FORMAS DE COMERCIO - Escuela Nacional de Cooperativismo\" width=\"525\" height=\"295\" src=\"https:\/\/www.youtube.com\/embed\/L33sr0OlnYg?feature=oembed\" frameborder=\"0\" allow=\"accelerometer; autoplay; clipboard-write; encrypted-media; gyroscope; picture-in-picture; web-share\" referrerpolicy=\"strict-origin-when-cross-origin\" allowfullscreen><\/iframe><\/p>\n<p>&nbsp;<\/p>\n","protected":false},"excerpt":{"rendered":"<p>La tarde del jueves 27 de setiembre en instalaciones de COMAG, el Consejo Directivo provisorio de la Escuela Nacional de Cooperativismo se encarg\u00f3 de poner en marcha un nuevo ciclo de Formaci\u00f3n&nbsp; para dirigentes cooperativistas. Esta entrega estuvo a cargo de la Dra. Luc\u00eda Banchieri (Arg.) y tuvo como prop\u00f3sito presentar la experiencia de la Central de Compras de la Federaci\u00f3n Argentina de Cooperativas de Consumo (FACC). Se tom\u00f3 como eje la experiencia argentina en relaci\u00f3n al proceso de cambios e integraci\u00f3n para racionalizar recursos y su incipiente comercio electr\u00f3nico. La disertante expuso respecto al contexto de su naci\u00f3n y [&#8230;]<\/p>\n","protected":false},"author":27,"featured_media":2120,"comment_status":"open","ping_status":"open","sticky":false,"template":"","format":"standard","meta":{"_acf_changed":false,"ngg_post_thumbnail":0,"footnotes":""},"categories":[7,6],"tags":[],"class_list":["post-2119","post","type-post","status-publish","format-standard","has-post-thumbnail","hentry","category-cooperativas","category-institucionales"],"acf":[],"_links":{"self":[{"href":"http:\/\/www.cudecoop.coop\/cudecoop\/wp-json\/wp\/v2\/posts\/2119","targetHints":{"allow":["GET"]}}],"collection":[{"href":"http:\/\/www.cudecoop.coop\/cudecoop\/wp-json\/wp\/v2\/posts"}],"about":[{"href":"http:\/\/www.cudecoop.coop\/cudecoop\/wp-json\/wp\/v2\/types\/post"}],"author":[{"embeddable":true,"href":"http:\/\/www.cudecoop.coop\/cudecoop\/wp-json\/wp\/v2\/users\/27"}],"replies":[{"embeddable":true,"href":"http:\/\/www.cudecoop.coop\/cudecoop\/wp-json\/wp\/v2\/comments?post=2119"}],"version-history":[{"count":2,"href":"http:\/\/www.cudecoop.coop\/cudecoop\/wp-json\/wp\/v2\/posts\/2119\/revisions"}],"predecessor-version":[{"id":2126,"href":"http:\/\/www.cudecoop.coop\/cudecoop\/wp-json\/wp\/v2\/posts\/2119\/revisions\/2126"}],"wp:featuredmedia":[{"embeddable":true,"href":"http:\/\/www.cudecoop.coop\/cudecoop\/wp-json\/wp\/v2\/media\/2120"}],"wp:attachment":[{"href":"http:\/\/www.cudecoop.coop\/cudecoop\/wp-json\/wp\/v2\/media?parent=2119"}],"wp:term":[{"taxonomy":"category","embeddable":true,"href":"http:\/\/www.cudecoop.coop\/cudecoop\/wp-json\/wp\/v2\/categories?post=2119"},{"taxonomy":"post_tag","embeddable":true,"href":"http:\/\/www.cudecoop.coop\/cudecoop\/wp-json\/wp\/v2\/tags?post=2119"}],"curies":[{"name":"wp","href":"https:\/\/api.w.org\/{rel}","templated":true}]}}