{"id":1421,"date":"2017-04-06T11:42:00","date_gmt":"2017-04-06T11:42:00","guid":{"rendered":"http:\/\/www.cudecoop.coop\/cudecoop\/?p=1421"},"modified":"2017-04-06T11:42:00","modified_gmt":"2017-04-06T11:42:00","slug":"declaracion-del-segundo-encuentro-internacional-de-cooperativismo-y-sindicalismo-en-america","status":"publish","type":"post","link":"http:\/\/www.cudecoop.coop\/cudecoop\/declaracion-del-segundo-encuentro-internacional-de-cooperativismo-y-sindicalismo-en-america\/","title":{"rendered":"Declaraci\u00f3n del segundo encuentro internacional de Cooperativismo y Sindicalismo en Am\u00e9rica"},"content":{"rendered":"<p>La Federaci\u00f3n de Cooperativas de Producci\u00f3n del Uruguay (FCPU) particip\u00f3 de una nueva instancia de debate e intercambio de experiencias de la clase trabajadora sindical y cooperativista de Am\u00e9rica Latina.<\/p>\n<p>Fueron tres jornadas de intenso trabajo entre referentes de Uruguay, Brasil, Argentina, Italia y Canad\u00e1, donde se expuso informaci\u00f3n sobre la coyuntura de los trabajadores. <\/p>\n<p>Se encontraron participando por Uruguay la Federaci\u00f3n de Cooperativas de Producci\u00f3n del Uruguay (FCPU), el Plenario Intersindical de Trabajadores-Convenci\u00f3n Nacional de Trabajadores (PIT-CNT Uruguay) y la Asociaci\u00f3n Nacional de Empresas recuperadas por Trabajadores (ANERT) de Uruguay.<\/p>\n<p>Entre los participantes de otros pa\u00edses estuvieron referentes del Sindicato de Obreros Curtidores, Sindicato de Gr\u00e1ficos, la Central de Trabajadores de la Argentina, Organizaci\u00f3n de Cooperativas Brasileras (OCB), CUT Brasil, y organizaciones italianas y canadienses.<\/p>\n<p>Se trata de un encuentro impulsado por Cicopa Am\u00e9ricas (Organizaci\u00f3n Internacional de Cooperativas en la Industria y los servicios) y por Unisol Brasil (Central de Cooperativas y Emprendimientos Solidarios). El primer encuentro fue realizado en diciembre de 2016, en Argentina.<\/p>\n<p>Continuar leyendo en el documento adjunto<\/p>\n","protected":false},"excerpt":{"rendered":"<p>La Federaci\u00f3n de Cooperativas de Producci\u00f3n del Uruguay (FCPU) particip\u00f3 de una nueva instancia de debate e intercambio de experiencias de la clase trabajadora sindical y cooperativista de Am\u00e9rica Latina.<\/p>\n","protected":false},"author":1,"featured_media":1799,"comment_status":"closed","ping_status":"Open","sticky":false,"template":"","format":"standard","meta":{"_acf_changed":false,"ngg_post_thumbnail":0,"footnotes":""},"categories":[6],"tags":[],"class_list":["post-1421","post","type-post","status-publish","format-standard","has-post-thumbnail","hentry","category-institucionales"],"acf":[],"_links":{"self":[{"href":"http:\/\/www.cudecoop.coop\/cudecoop\/wp-json\/wp\/v2\/posts\/1421","targetHints":{"allow":["GET"]}}],"collection":[{"href":"http:\/\/www.cudecoop.coop\/cudecoop\/wp-json\/wp\/v2\/posts"}],"about":[{"href":"http:\/\/www.cudecoop.coop\/cudecoop\/wp-json\/wp\/v2\/types\/post"}],"author":[{"embeddable":true,"href":"http:\/\/www.cudecoop.coop\/cudecoop\/wp-json\/wp\/v2\/users\/1"}],"replies":[{"embeddable":true,"href":"http:\/\/www.cudecoop.coop\/cudecoop\/wp-json\/wp\/v2\/comments?post=1421"}],"version-history":[{"count":0,"href":"http:\/\/www.cudecoop.coop\/cudecoop\/wp-json\/wp\/v2\/posts\/1421\/revisions"}],"wp:featuredmedia":[{"embeddable":true,"href":"http:\/\/www.cudecoop.coop\/cudecoop\/wp-json\/wp\/v2\/media\/1799"}],"wp:attachment":[{"href":"http:\/\/www.cudecoop.coop\/cudecoop\/wp-json\/wp\/v2\/media?parent=1421"}],"wp:term":[{"taxonomy":"category","embeddable":true,"href":"http:\/\/www.cudecoop.coop\/cudecoop\/wp-json\/wp\/v2\/categories?post=1421"},{"taxonomy":"post_tag","embeddable":true,"href":"http:\/\/www.cudecoop.coop\/cudecoop\/wp-json\/wp\/v2\/tags?post=1421"}],"curies":[{"name":"wp","href":"https:\/\/api.w.org\/{rel}","templated":true}]}}