{"id":1419,"date":"2016-12-23T16:51:00","date_gmt":"2016-12-23T16:51:00","guid":{"rendered":"http:\/\/www.cudecoop.coop\/cudecoop\/?p=1419"},"modified":"2016-12-23T16:51:00","modified_gmt":"2016-12-23T16:51:00","slug":"primera-etapa-sensibilizacion","status":"publish","type":"post","link":"http:\/\/www.cudecoop.coop\/cudecoop\/primera-etapa-sensibilizacion\/","title":{"rendered":"PRIMERA ETAPA &#8211; SENSIBILIZACI\u00d3N"},"content":{"rendered":"<p>Los equipos transitaron la primera fase de incubaci\u00f3n, llamada fase de sensibilizaci\u00f3n, \u00e9sta estuvo enfocada en la transmisi\u00f3n de los valores cooperativos, organizaci\u00f3n interna de las cooperativas, as\u00ed como conocer las particularidades que poseen estas con respecto a los emprendimientos tradicionales.<\/p>\n<p>En conjunto con los docentes de CUDECOOP se proyect\u00f3 un programa de trabajo de capacitaci\u00f3n de 4 m\u00f3dulos; sensibilizaci\u00f3n cooperativa (\u00bfqu\u00e9 es una cooperativa?, etc.), luego un m\u00f3dulo de an\u00e1lisis organizacional, seguido de un tercer m\u00f3dulo donde se profundiz\u00f3 en gesti\u00f3n humana y el \u00faltimo profundizando sobre marco legal de las cooperativas. Estos m\u00f3dulos componen 21 horas de capacitaci\u00f3n, las cuales finalizaron a fines de diciembre.<\/p>\n<p>Todos los grupos respondieron con entusiasmo a los cursos de capacitaci\u00f3n registrando una muy buena participaci\u00f3n en todas las instancias. Los cursos se dictaron en paralelo con la selecci\u00f3n de tutores, el modelo utilizado por INCUBACOOP es de un acompa\u00f1amiento personalizado con tutor, exclusivamente dedicado para cada proyecto (con el objetivo de acompa\u00f1ar los emprendimientos durante todo el proceso de incubaci\u00f3n). La incubadora realiz\u00f3 una lista de prelaci\u00f3n con aquellos tutores postulados a trav\u00e9s de un llamado abierto, y cada grupo fue encargado de escoger el tutor que los acompa\u00f1ar\u00e1 durante todo el proceso.<\/p>\n<p>Los especialistas ir\u00e1n conociendo las necesidades y debilidades de la organizaci\u00f3n, a su vez que ir\u00e1n motivando al equipo a trabajar en grupo. Pr\u00f3ximamente se realizaran cursos para dar soporte a los requerimientos sobre plan de negocios, gesti\u00f3n de calidad, plan de marketing, etc.<\/p>\n","protected":false},"excerpt":{"rendered":"<p>Los equipos transitaron la primera fase de incubaci\u00f3n, llamada fase de sensibilizaci\u00f3n, \u00e9sta estuvo enfocada en la transmisi\u00f3n de los valores cooperativos, organizaci\u00f3n interna de las cooperativas, as\u00ed como conocer las particularidades que poseen estas con respecto a los emprendimientos tradicionales.<\/p>\n","protected":false},"author":1,"featured_media":1735,"comment_status":"closed","ping_status":"Open","sticky":false,"template":"","format":"standard","meta":{"_acf_changed":false,"ngg_post_thumbnail":0,"footnotes":""},"categories":[6],"tags":[],"class_list":["post-1419","post","type-post","status-publish","format-standard","has-post-thumbnail","hentry","category-institucionales"],"acf":[],"_links":{"self":[{"href":"http:\/\/www.cudecoop.coop\/cudecoop\/wp-json\/wp\/v2\/posts\/1419","targetHints":{"allow":["GET"]}}],"collection":[{"href":"http:\/\/www.cudecoop.coop\/cudecoop\/wp-json\/wp\/v2\/posts"}],"about":[{"href":"http:\/\/www.cudecoop.coop\/cudecoop\/wp-json\/wp\/v2\/types\/post"}],"author":[{"embeddable":true,"href":"http:\/\/www.cudecoop.coop\/cudecoop\/wp-json\/wp\/v2\/users\/1"}],"replies":[{"embeddable":true,"href":"http:\/\/www.cudecoop.coop\/cudecoop\/wp-json\/wp\/v2\/comments?post=1419"}],"version-history":[{"count":0,"href":"http:\/\/www.cudecoop.coop\/cudecoop\/wp-json\/wp\/v2\/posts\/1419\/revisions"}],"wp:featuredmedia":[{"embeddable":true,"href":"http:\/\/www.cudecoop.coop\/cudecoop\/wp-json\/wp\/v2\/media\/1735"}],"wp:attachment":[{"href":"http:\/\/www.cudecoop.coop\/cudecoop\/wp-json\/wp\/v2\/media?parent=1419"}],"wp:term":[{"taxonomy":"category","embeddable":true,"href":"http:\/\/www.cudecoop.coop\/cudecoop\/wp-json\/wp\/v2\/categories?post=1419"},{"taxonomy":"post_tag","embeddable":true,"href":"http:\/\/www.cudecoop.coop\/cudecoop\/wp-json\/wp\/v2\/tags?post=1419"}],"curies":[{"name":"wp","href":"https:\/\/api.w.org\/{rel}","templated":true}]}}