{"id":1417,"date":"2016-12-23T16:45:00","date_gmt":"2016-12-23T16:45:00","guid":{"rendered":"http:\/\/www.cudecoop.coop\/cudecoop\/?p=1417"},"modified":"2016-12-23T16:45:00","modified_gmt":"2016-12-23T16:45:00","slug":"presentacion-equipos","status":"publish","type":"post","link":"http:\/\/www.cudecoop.coop\/cudecoop\/presentacion-equipos\/","title":{"rendered":"PRESENTACI\u00d3N EQUIPOS"},"content":{"rendered":"<p>Una vez cerrado el plazo de inscripci\u00f3n, la cual super\u00f3 ampliamente la expectativa esperada por la incubadora en cuanto a n\u00famero de proyectos inscriptos, se procedi\u00f3 a la selecci\u00f3n.<\/p>\n<p>De los 29 equipos presentados, el Comit\u00e9 de Direcci\u00f3n de Incubacoop eligi\u00f3 los siete que presentaban los aspectos necesarios para incubarse m\u00e1s desarrollados. De los grupos seleccionados cinco pertenecen a la ciudad de Montevideo, uno es de Florida y otro de la ciudad de Mercedes. Dentro de los proyectos encontramos perfiles de inform\u00e1tica, producci\u00f3n audiovisual, dise\u00f1o mec\u00e1nico y bioinform\u00e1tica. <\/p>\n<p>Una vez seleccionados los siete emprendimientos se realiz\u00f3 un encuentro del que participaron autoridades de INACOOP, CUDECOOP y el MIEM que estuvo representado por la ministra de Industria, Ing. Carolina Cosse para realizar la firma del contrato de ingreso a la incubadora.<br \/>\nA continuaci\u00f3n una breve presentaci\u00f3n de los mismos:<\/p>\n<p><b>INTERGALACTIC<\/b>: Su objetivo es el desarrollo del cine y los contenidos audiovisuales que involucren tanto ficci\u00f3n como documental. Este equipo se dedica a la realizaci\u00f3n de videos institucionales, publicidad, animaci\u00f3n, videoclips, webserie, cine y tv. <\/p>\n<p><b>TA TV<\/b>: El proyecto apunta a crear una cooperativa audiovisual de producci\u00f3n de contenidos sobre m\u00fasica y cultura en general, para ser difundidos a trav\u00e9s de una nueva se\u00f1al. Se enfocar\u00e1 en la b\u00fasqueda y perfeccionamiento de nuevos talentos ya que los contenidos ser\u00e1n la base de una Escuela de Televisi\u00f3n para realizar pr\u00e1cticas y capacitaci\u00f3n. <\/p>\n<p><b>DISE\u00d1O E INNOVACI\u00d3N<\/b>: Este equipo busca conformarse como una cooperativa referente en temas de dise\u00f1o de producto y tecnolog\u00eda aplicada, que dise\u00f1e y desarrolle soluciones de forma integral a lo largo de toda la cadena productiva de las empresas, combinando tecnolog\u00edas de fabricaci\u00f3n digital con m\u00e9todos industriales tradicionales para el desarrollo de una producci\u00f3n sustentable. <\/p>\n<p><b>CALMER FOOD<\/b> (Unidad de Negocio): El objetivo de esta cooperativa es la valorizaci\u00f3n de los granos forrajeros producidos por los socios y\/o clientes de CALMER y los subproductos generados en la Planta de Silos. Para brindar un servicio integral y profesional de alimentaci\u00f3n del ganado, deben contar con dos plataformas inform\u00e1ticas: por un lado un software de Gerenciamiento de Relaci\u00f3n con Clientes, CRM, y otro de Nutrici\u00f3n Animal.  <\/p>\n<p><b>CUPTI<\/b>: Se trata de una cooperativa conformada por un equipo de profesionales de varias \u00e1reas de la ingenier\u00eda. Se especializan en las \u00e1reas de Eficiencia Energ\u00e9tica y tambi\u00e9n en la ingenier\u00eda de dise\u00f1o. Su intenci\u00f3n es desarrollar productos de alto valor agregado en lo que se refiere a dise\u00f1o de maquinaria y soluciones de ingenier\u00eda.<\/p>\n<p><b>MGCODERS<\/b>: El proyecto consiste en el desarrollo de una plataforma de c\u00f3mputo que permita la visualizaci\u00f3n de indicadores relevantes para la identificaci\u00f3n de pat\u00f3genos en alimentos. Una plataforma de estas caracter\u00edsticas es una herramienta fundamental en distintas cadenas productivas, colabora en agregar valor a los productos de exportaci\u00f3n. <\/p>\n<p><b>CGTIC\u00b4s<\/b>: Esta cooperativa se conforma por un grupo multidisciplinario que aspira a promover una forma integral de gesti\u00f3n administrativa, para todo tipo de empresas, especialmente para las agropecuarias, aportando el conocimiento a las mismas sobre las nuevas normas de documentaci\u00f3n electr\u00f3nica e inclusi\u00f3n financiera. Ofrecen desarrollo de aplicaciones a nivel local para brindar soluciones inform\u00e1ticas, y  buscan promover actividades tendientes a desarrollar habilidades en j\u00f3venes con el potencial de trabajar tareas vinculadas al testing.<\/p>\n","protected":false},"excerpt":{"rendered":"<p>Una vez cerrado el plazo de inscripci\u00f3n, la cual super\u00f3 ampliamente la expectativa esperada por la incubadora en cuanto a n\u00famero de proyectos inscriptos, se procedi\u00f3 a la selecci\u00f3n.<\/p>\n","protected":false},"author":1,"featured_media":1733,"comment_status":"closed","ping_status":"Open","sticky":false,"template":"","format":"standard","meta":{"_acf_changed":false,"ngg_post_thumbnail":0,"footnotes":""},"categories":[6],"tags":[],"class_list":["post-1417","post","type-post","status-publish","format-standard","has-post-thumbnail","hentry","category-institucionales"],"acf":[],"_links":{"self":[{"href":"http:\/\/www.cudecoop.coop\/cudecoop\/wp-json\/wp\/v2\/posts\/1417","targetHints":{"allow":["GET"]}}],"collection":[{"href":"http:\/\/www.cudecoop.coop\/cudecoop\/wp-json\/wp\/v2\/posts"}],"about":[{"href":"http:\/\/www.cudecoop.coop\/cudecoop\/wp-json\/wp\/v2\/types\/post"}],"author":[{"embeddable":true,"href":"http:\/\/www.cudecoop.coop\/cudecoop\/wp-json\/wp\/v2\/users\/1"}],"replies":[{"embeddable":true,"href":"http:\/\/www.cudecoop.coop\/cudecoop\/wp-json\/wp\/v2\/comments?post=1417"}],"version-history":[{"count":0,"href":"http:\/\/www.cudecoop.coop\/cudecoop\/wp-json\/wp\/v2\/posts\/1417\/revisions"}],"wp:featuredmedia":[{"embeddable":true,"href":"http:\/\/www.cudecoop.coop\/cudecoop\/wp-json\/wp\/v2\/media\/1733"}],"wp:attachment":[{"href":"http:\/\/www.cudecoop.coop\/cudecoop\/wp-json\/wp\/v2\/media?parent=1417"}],"wp:term":[{"taxonomy":"category","embeddable":true,"href":"http:\/\/www.cudecoop.coop\/cudecoop\/wp-json\/wp\/v2\/categories?post=1417"},{"taxonomy":"post_tag","embeddable":true,"href":"http:\/\/www.cudecoop.coop\/cudecoop\/wp-json\/wp\/v2\/tags?post=1417"}],"curies":[{"name":"wp","href":"https:\/\/api.w.org\/{rel}","templated":true}]}}