{"id":1416,"date":"2016-12-23T16:41:00","date_gmt":"2016-12-23T16:41:00","guid":{"rendered":"http:\/\/www.cudecoop.coop\/cudecoop\/?p=1416"},"modified":"2016-12-23T16:41:00","modified_gmt":"2016-12-23T16:41:00","slug":"primer-llamado-a-formar-cooperativas-en-base-tecnologica","status":"publish","type":"post","link":"http:\/\/www.cudecoop.coop\/cudecoop\/primer-llamado-a-formar-cooperativas-en-base-tecnologica\/","title":{"rendered":"PRIMER LLAMADO A FORMAR COOPERATIVAS EN BASE TECNOL\u00d3GICA"},"content":{"rendered":"<p>INCUBACOOP, la incubadora impulsada por el Ministerio de Industria, Energ\u00eda y Miner\u00eda (MIEM), la Confederaci\u00f3n Uruguaya de Entidades Cooperativas (CUDECOOP) y el Instituto Nacional del Cooperativismo (INACOOP), realiz\u00f3 en julio de 2016 su primera convocatoria nacional para colectivos emprendedores. Previamente se elabor\u00f3  un mapeo donde se  visualiz\u00f3 oportunidades y posibilidades a ser potenciadas por la incubadora dentro del sector  cooperativo.<\/p>\n<p>Los emprendimientos presentados debieron girar en torno a las siguientes \u00e1reas: ciencias de la vida (biotecnolog\u00eda, tecnolog\u00eda alimentaria, qu\u00edmica fina, nanotecnolog\u00eda, farmacia), tecnolog\u00edas de la informaci\u00f3n y comunicaci\u00f3n- (inform\u00e1tica, audiovisual, rob\u00f3tica, electr\u00f3nica, automatizaci\u00f3n de Procesos). Tambi\u00e9n participaban del llamado aquellos proyectos vinculados al dise\u00f1o (industrial, gr\u00e1fico, mobiliario, indumentaria), metal mec\u00e1nica (fabricaci\u00f3n de equipos y partes).<\/p>\n<p>Los proyectos a ser incubados deb\u00edan tener potencial para establecer encadenamiento productivo y contar con grado moderado a alto de innovaci\u00f3n y de incorporaci\u00f3n tecnolog\u00eda y\/o conocimiento. Las iniciativas ten\u00edan que generar conocimientos aplicables y viables a mediano plazo.<\/p>\n<p>INCUBACOOP acompa\u00f1ar\u00e1 a los emprendedores durante todas las fases de desarrollo del emprendimiento, formulado en cuatro etapas: sensibilizaci\u00f3n, pre-incubaci\u00f3n, incubaci\u00f3n y egreso. Dicho proceso se entiende que se desarrollar\u00e1 en un plazo m\u00e1ximo de dos a\u00f1os, transcurridos los cuales, el equipo deber\u00e1 abandonar la Incubadora.<\/p>\n","protected":false},"excerpt":{"rendered":"<p>INCUBACOOP, la incubadora impulsada por el Ministerio de Industria, Energ\u00eda y Miner\u00eda (MIEM), la Confederaci\u00f3n Uruguaya de Entidades Cooperativas (CUDECOOP) y el Instituto Nacional del Cooperativismo (INACOOP), realiz\u00f3 en julio de 2016 su primera convocatoria nacional para colectivos emprendedores. Previamente se elabor\u00f3  un mapeo donde se  visualiz\u00f3 oportunidades y posibilidades a ser potenciadas por la incubadora dentro del sector  cooperativo.<\/p>\n","protected":false},"author":1,"featured_media":1732,"comment_status":"closed","ping_status":"Open","sticky":false,"template":"","format":"standard","meta":{"_acf_changed":false,"ngg_post_thumbnail":0,"footnotes":""},"categories":[6],"tags":[],"class_list":["post-1416","post","type-post","status-publish","format-standard","has-post-thumbnail","hentry","category-institucionales"],"acf":[],"_links":{"self":[{"href":"http:\/\/www.cudecoop.coop\/cudecoop\/wp-json\/wp\/v2\/posts\/1416","targetHints":{"allow":["GET"]}}],"collection":[{"href":"http:\/\/www.cudecoop.coop\/cudecoop\/wp-json\/wp\/v2\/posts"}],"about":[{"href":"http:\/\/www.cudecoop.coop\/cudecoop\/wp-json\/wp\/v2\/types\/post"}],"author":[{"embeddable":true,"href":"http:\/\/www.cudecoop.coop\/cudecoop\/wp-json\/wp\/v2\/users\/1"}],"replies":[{"embeddable":true,"href":"http:\/\/www.cudecoop.coop\/cudecoop\/wp-json\/wp\/v2\/comments?post=1416"}],"version-history":[{"count":0,"href":"http:\/\/www.cudecoop.coop\/cudecoop\/wp-json\/wp\/v2\/posts\/1416\/revisions"}],"wp:featuredmedia":[{"embeddable":true,"href":"http:\/\/www.cudecoop.coop\/cudecoop\/wp-json\/wp\/v2\/media\/1732"}],"wp:attachment":[{"href":"http:\/\/www.cudecoop.coop\/cudecoop\/wp-json\/wp\/v2\/media?parent=1416"}],"wp:term":[{"taxonomy":"category","embeddable":true,"href":"http:\/\/www.cudecoop.coop\/cudecoop\/wp-json\/wp\/v2\/categories?post=1416"},{"taxonomy":"post_tag","embeddable":true,"href":"http:\/\/www.cudecoop.coop\/cudecoop\/wp-json\/wp\/v2\/tags?post=1416"}],"curies":[{"name":"wp","href":"https:\/\/api.w.org\/{rel}","templated":true}]}}