{"id":1415,"date":"2016-09-27T13:05:00","date_gmt":"2016-09-27T13:05:00","guid":{"rendered":"http:\/\/www.cudecoop.coop\/cudecoop\/?p=1415"},"modified":"2016-09-27T13:05:00","modified_gmt":"2016-09-27T13:05:00","slug":"curso-desarrollo-local-cooperativismo-e-inclusion-financieraconvocatoria-a-inscripciones","status":"publish","type":"post","link":"http:\/\/www.cudecoop.coop\/cudecoop\/curso-desarrollo-local-cooperativismo-e-inclusion-financieraconvocatoria-a-inscripciones\/","title":{"rendered":"CURSO DESARROLLO LOCAL, COOPERATIVISMO E INCLUSI\u00d3N FINANCIERA.  CONVOCATORIA A INSCRIPCIONES"},"content":{"rendered":"<p>El Instituto Nacional del Cooperativismo INACOOP y la Oficina de Planeamiento y Presupuesto- Uruguay M\u00e1s Cerca, convocan a la inscripci\u00f3n de participantes del Programa de Formaci\u00f3n de Capacidades vinculadas a las tem\u00e1ticas de Cooperativismo, Desarrollo Econ\u00f3mico y Social e Inclusi\u00f3n Financiera.<\/p>\n<p>Ambas Instituciones firmaron un Convenio Marco de mutua colaboraci\u00f3n que entre otros objetivos apunta a fortalecer las capacidades de funcionarios y t\u00e9cnicos que trabajando en el territorio tienen fuertes v\u00ednculos con la atenci\u00f3n a cooperativas. <\/p>\n<p>Para ello se busca apoyar la instalaci\u00f3n de capacidades en el territorio, vinculadas a la tem\u00e1tica de inclusi\u00f3n financiera, cooperativismo y desarrollo econ\u00f3mico local, a trav\u00e9s de aquellas organizaciones con perfil y vocaci\u00f3n, mediante la formaci\u00f3n y el intercambio de saberes de los participantes.  El Programa est\u00e1 conceptualizado con una metodolog\u00eda que prioriza el desarrollo de competencias por sobre la adquisici\u00f3n de conocimientos te\u00f3ricos, con un lugar relevante para las vivencias de los participantes.  <\/p>\n<p>P\u00fablico objetivo del Programa: Funcionarios, t\u00e9cnicos y personal de contacto de las Intendencias (Desarrollo Social, Desarrollo Cooperativo, Desarrollo Econ\u00f3mico), Oficinas P\u00fablicas (BPS, DGI, MTSS), de ONG\u009ds que trabajan en el medio, Bancos y\/o Instituciones Financieras, Agencias de Desarrollo Local, que brinden servicios y\/o atenci\u00f3n a las cooperativas en cualquiera de sus modalidades.  <\/p>\n<p>Espec\u00edficamente NO est\u00e1 dirigido a Dirigentes Cooperativos, ni a profesionales y\/o t\u00e9cnicos con experiencia en el sector. Se procura sensibilizar y nivelar conocimientos en estas tem\u00e1ticas m\u00e1s que profundizar.  <\/p>\n<p>Costos: El mismo s sin costo para los participantes, pudiendo solicitarse adem\u00e1s el reembolso de costos de traslado en \u00f3mnibus de la localidad donde reside a la sede donde se desarrolle el Programa. Los convocantes proveer\u00e1n almuerzo y los materiales a utilizar.<br \/>\nOrganizaci\u00f3n del Programa: <\/p>\n<p>1.- El Programa se desarrollar\u00e1 mediante Tres Cursos regionales en simult\u00e1neo con sedes en:  <\/p>\n<p>\u009d CIUDAD DE SALTO- PARA LA ZONA NORTE DEL PAIS (ARTIGAS, SALTO Y PAYSANDU)<br \/>\n\u009d CIUDAD DE FLORIDA- PARA LA ZONA CENTRO SUR (DURAZNO- FLORIDA- FLORES)<br \/>\n\u009d CIUDAD DE CANELONES \u009d PARA CANELONES Y MONTEVIDEO. <\/p>\n<p>2.- Los inscriptos deber\u00e1n optar por una de las sedes. Podr\u00e1n inscribirse m\u00e1s de un participante por Organizaci\u00f3n o Instituci\u00f3n, pero se prev\u00e9 un tope de 30 participantes por sede, por lo que<br \/>\nel criterio de selecci\u00f3n ser\u00e1 en primer lugar que tengan participaci\u00f3n todas las instituciones u organizaciones inscriptas.   <\/p>\n<p>3.- Plan de Cada Curso:<br \/>\n6 jornadas-taller de 6 horas con un total de 36 horas de duraci\u00f3n.  <\/p>\n<p>4.- Desarrollo de las jornadas-taller:<br \/>\nSe desarrollar\u00e1n durante los meses de octubre y noviembre, en r\u00e9gimen de una jornada de 6 hs. por semana (se ajustar\u00e1 en acuerdo con los docentes) <\/p>\n<p>5.-Contenidos Cada Curso desarrollar\u00e1 en simult\u00e1neo los siguientes m\u00f3dulos generales: &#61623; M\u00f3dulo 1: Desarrollo Local &#61623; M\u00f3dulo 2: Cooperativas y Cooperativismo &#61623; M\u00f3dulo 3: Inclusi\u00f3n Financiera.  <\/p>\n<p>6.-Inscripciones: los interesados deber\u00e1n inscribirse enviando un e-mail a amazzini@inacoop.org.uy hasta el d\u00eda 02\/10\/2016 indicando nombre, tel\u00e9fono, e-mail, instituci\u00f3n u organizaci\u00f3n por la que participa y si \u00e9sta promueve la misma, y sede a la cual se quiere inscribir.  <\/p>\n<p>Una vez vencido el plazo, las Intendencias y Mesas Intercooperativas se pondr\u00e1n en contacto con los seleccionados para coordinar los aspectos log\u00edsticos del desarrollo de los talleres.  <\/p>\n<p>   INACOOP                                   OPP-Uruguay M\u00e1s Cerca.<\/p>\n","protected":false},"excerpt":{"rendered":"<p>El Instituto Nacional del Cooperativismo INACOOP y la Oficina de Planeamiento y Presupuesto- Uruguay M\u00e1s Cerca, convocan a la inscripci\u00f3n de participantes del Programa de Formaci\u00f3n de Capacidades vinculadas a las tem\u00e1ticas de Cooperativismo, Desarrollo Econ\u00f3mico y Social e Inclusi\u00f3n Financiera.<\/p>\n","protected":false},"author":1,"featured_media":0,"comment_status":"closed","ping_status":"Open","sticky":false,"template":"","format":"standard","meta":{"_acf_changed":false,"ngg_post_thumbnail":0,"footnotes":""},"categories":[6],"tags":[],"class_list":["post-1415","post","type-post","status-publish","format-standard","hentry","category-institucionales"],"acf":[],"_links":{"self":[{"href":"http:\/\/www.cudecoop.coop\/cudecoop\/wp-json\/wp\/v2\/posts\/1415","targetHints":{"allow":["GET"]}}],"collection":[{"href":"http:\/\/www.cudecoop.coop\/cudecoop\/wp-json\/wp\/v2\/posts"}],"about":[{"href":"http:\/\/www.cudecoop.coop\/cudecoop\/wp-json\/wp\/v2\/types\/post"}],"author":[{"embeddable":true,"href":"http:\/\/www.cudecoop.coop\/cudecoop\/wp-json\/wp\/v2\/users\/1"}],"replies":[{"embeddable":true,"href":"http:\/\/www.cudecoop.coop\/cudecoop\/wp-json\/wp\/v2\/comments?post=1415"}],"version-history":[{"count":0,"href":"http:\/\/www.cudecoop.coop\/cudecoop\/wp-json\/wp\/v2\/posts\/1415\/revisions"}],"wp:attachment":[{"href":"http:\/\/www.cudecoop.coop\/cudecoop\/wp-json\/wp\/v2\/media?parent=1415"}],"wp:term":[{"taxonomy":"category","embeddable":true,"href":"http:\/\/www.cudecoop.coop\/cudecoop\/wp-json\/wp\/v2\/categories?post=1415"},{"taxonomy":"post_tag","embeddable":true,"href":"http:\/\/www.cudecoop.coop\/cudecoop\/wp-json\/wp\/v2\/tags?post=1415"}],"curies":[{"name":"wp","href":"https:\/\/api.w.org\/{rel}","templated":true}]}}