{"id":1414,"date":"2016-08-03T12:59:00","date_gmt":"2016-08-03T12:59:00","guid":{"rendered":"http:\/\/www.cudecoop.coop\/cudecoop\/?p=1414"},"modified":"2016-08-03T12:59:00","modified_gmt":"2016-08-03T12:59:00","slug":"llamado-para-cubrir-el-cargo-decoordinador-ejecutivo-en-fecovi","status":"publish","type":"post","link":"http:\/\/www.cudecoop.coop\/cudecoop\/llamado-para-cubrir-el-cargo-decoordinador-ejecutivo-en-fecovi\/","title":{"rendered":"Llamado para cubrir el cargo de  COORDINADOR EJECUTIVO EN FECOVI"},"content":{"rendered":"<p>1. Prop\u00f3sito del Cargo.<br \/>\nLiderar la Gesti\u00f3n Administrativa de FECOVI, colaborando en el ejercicio de la funci\u00f3n gremial y asociativa, y coadyuvando en el proceso de crecimiento de la Federaci\u00f3n.<\/p>\n<p>2. Ubicaci\u00f3n jer\u00e1rquica\/dependencia:  <\/p>\n<p>Depende del Consejo Directivo de la Federaci\u00f3n.<\/p>\n<p>3. Principales Responsabilidades:  <\/p>\n<p>&#61623; Ejecutar las decisiones del Consejo Directivo.<br \/>\n&#61623; Colaborar en la formulaci\u00f3n e implementaci\u00f3n un Plan Estrat\u00e9gico de la Federaci\u00f3n.<br \/>\n&#61623; Colaborar en la formulaci\u00f3n y dar seguimiento a un Plan Operativo Anual de la organizaci\u00f3n.<br \/>\n&#61623; Organizar y liderar la gesti\u00f3n administrativa de la Federaci\u00f3n.<br \/>\n&#61623; Impulsar la mejora continua de las diferentes actividades de las \u00e1reas a efectos de un cumplimiento con m\u00e1xima calidad.<br \/>\n&#61623; Preparar, participar y prestar apoyo t\u00e9cnico a las sesiones  de Consejo Directivo y Comit\u00e9 Ejecutivo, as\u00ed como facilitar el funcionamiento de Comisiones Especializadas y reuniones de direcci\u00f3n.<br \/>\n&#61623; Preparar informaci\u00f3n para los organismos directivos, as\u00ed como las propuestas correspondientes<br \/>\nProcesar de manera constructiva y eficaz los requerimientos de las cooperativas asociadas asegurando satisfacer sus necesidades institucionales, en el marco de la planificaci\u00f3n de la Federaci\u00f3n.<br \/>\n&#61623; Dirigir la administraci\u00f3n de los recursos humanos de las diferentes \u00e1reas a su cargo de forma que siempre se cumplan las actividades en tiempo y forma.<br \/>\n&#61623; Controlar los gastos correspondientes a las \u00e1reas bajo su responsabilidad, realizando el seguimiento del presupuesto asignado. <\/p>\n<p>4. Requisitos.<\/p>\n<p>&#61623; Conocimiento del movimiento cooperativo y sus organizaciones, tanto a nivel nacional como de base.<br \/>\n&#61623; Capacidad de an\u00e1lisis, planificaci\u00f3n y propuesta.<br \/>\n&#61623; Experiencia m\u00ednima anterior de por lo menos 2 a\u00f1os en cargos de similares caracter\u00edsticas.<br \/>\n5. Otros Requerimientos:<br \/>\n&#61623; Se valorar\u00e1 especialmente la formaci\u00f3n terciaria en las \u00e1reas de administraci\u00f3n, abogac\u00eda, econom\u00eda, relaciones laborales, pol\u00edticas p\u00fablicas y\/o gesti\u00f3n cooperativa.<br \/>\n&#61623; Se valorar\u00e1n estudios de post-grado relacionados a las \u00e1reas de inter\u00e9s de la organizaci\u00f3n, como Administraci\u00f3n de Empresas, Gesti\u00f3n Cooperativa, Gesti\u00f3n de Proyectos, etc. <\/p>\n<p>6. Perfil del cargo:<\/p>\n<p>Condiciones y capacidad para organizar, dirigir, coordinar, motivar e integrar equipos de trabajo.<br \/>\n&#61623; Capacidad de toma de decisiones, eficiencia y dinamismo.<br \/>\n&#61623; Capacidad de satisfacer las demandas de las organizaciones asociadas.<br \/>\n&#61623; Capacidad de an\u00e1lisis y s\u00edntesis, amplitud de enfoques y compresi\u00f3n de los problemas.<br \/>\n&#61623; Capacidad de empat\u00eda, tolerancia y resistente a la frustraci\u00f3n.<br \/>\n&#61623; Ser buen comunicador, con alta capacidad de relacionarse para transmitir compromiso y entusiasmo.<br \/>\n&#61623; Potencial de liderazgo y compromiso con los planes de la organizaci\u00f3n.  <\/p>\n<p>7. Per\u00edodo de contrataci\u00f3n:  <\/p>\n<p>Se firmar\u00e1 un contrato inicial de prueba por seis meses, para luego establecer contratos anuales en base a evaluaciones que considerar\u00e1n los logros obtenidos de acuerdo a los objetivos fijados al asumir el cargo.   <\/p>\n<p>8. Horario de trabajo:  <\/p>\n<p>Se establece un horario de trabajo flexible de 30 horas semanales en base a las necesidades de la organizaci\u00f3n.   <\/p>\n<p>9. Honorarios:  <\/p>\n<p>Retribuci\u00f3n acorde al perfil del cargo de acuerdo con el presupuesto<br \/>\naprobado en el marco del Convenio INACOOP-CUDECOOP-FECOVI.   <\/p>\n<p>10. Pruebas:  <\/p>\n<p>&#61623; Preselecci\u00f3n por curr\u00edculum, considerando formaci\u00f3n y experiencia, para evaluar el potencial.<br \/>\n&#61623; Evaluaci\u00f3n del conocimiento t\u00e9cnico y entrevista con el Tribunal.   <\/p>\n<p>11. Postulaciones:<\/p>\n<p>Las personas interesadas deber\u00e1n hacer llegar sus propuestas, anexando los documentos del caso, personalmente a la siguiente direcci\u00f3n: Canelones 990, en el horario de 16:30 a 20:30 hs o por mail a la direcci\u00f3n info@fecovi.coop, antes de las 20:00 hs del d\u00eda 26 de agosto de 2016.   <\/p>\n<p>12. La documentaci\u00f3n requerida ser\u00e1:<br \/>\n&#61623; Carta presentaci\u00f3n.<br \/>\n&#61623; Curr\u00edculum Vitae.<br \/>\n&#61623; Antecedentes laborales.<br \/>\n&#61623; Referencias laborales y personales.<br \/>\n&#61623; Certificado de estudio.<\/p>\n<p>Montevideo, agosto 2 de 2016.<\/p>\n","protected":false},"excerpt":{"rendered":"<p>1. Prop\u00f3sito del Cargo.<br \/>\nLiderar la Gesti\u00f3n Administrativa de FECOVI, colaborando en el ejercicio de la funci\u00f3n gremial y asociativa, y coadyuvando en el proceso de crecimiento de la Federaci\u00f3n.<\/p>\n","protected":false},"author":1,"featured_media":0,"comment_status":"closed","ping_status":"Open","sticky":false,"template":"","format":"standard","meta":{"_acf_changed":false,"ngg_post_thumbnail":0,"footnotes":""},"categories":[6],"tags":[],"class_list":["post-1414","post","type-post","status-publish","format-standard","hentry","category-institucionales"],"acf":[],"_links":{"self":[{"href":"http:\/\/www.cudecoop.coop\/cudecoop\/wp-json\/wp\/v2\/posts\/1414","targetHints":{"allow":["GET"]}}],"collection":[{"href":"http:\/\/www.cudecoop.coop\/cudecoop\/wp-json\/wp\/v2\/posts"}],"about":[{"href":"http:\/\/www.cudecoop.coop\/cudecoop\/wp-json\/wp\/v2\/types\/post"}],"author":[{"embeddable":true,"href":"http:\/\/www.cudecoop.coop\/cudecoop\/wp-json\/wp\/v2\/users\/1"}],"replies":[{"embeddable":true,"href":"http:\/\/www.cudecoop.coop\/cudecoop\/wp-json\/wp\/v2\/comments?post=1414"}],"version-history":[{"count":0,"href":"http:\/\/www.cudecoop.coop\/cudecoop\/wp-json\/wp\/v2\/posts\/1414\/revisions"}],"wp:attachment":[{"href":"http:\/\/www.cudecoop.coop\/cudecoop\/wp-json\/wp\/v2\/media?parent=1414"}],"wp:term":[{"taxonomy":"category","embeddable":true,"href":"http:\/\/www.cudecoop.coop\/cudecoop\/wp-json\/wp\/v2\/categories?post=1414"},{"taxonomy":"post_tag","embeddable":true,"href":"http:\/\/www.cudecoop.coop\/cudecoop\/wp-json\/wp\/v2\/tags?post=1414"}],"curies":[{"name":"wp","href":"https:\/\/api.w.org\/{rel}","templated":true}]}}