{"id":1413,"date":"2016-05-20T00:41:00","date_gmt":"2016-05-20T00:41:00","guid":{"rendered":"http:\/\/www.cudecoop.coop\/cudecoop\/?p=1413"},"modified":"2016-05-20T00:41:00","modified_gmt":"2016-05-20T00:41:00","slug":"taller-sobre-cooperativas-de-consumo","status":"publish","type":"post","link":"http:\/\/www.cudecoop.coop\/cudecoop\/taller-sobre-cooperativas-de-consumo\/","title":{"rendered":"Taller sobre Cooperativas de Consumo"},"content":{"rendered":"<p>Mi\u00e9rcoles 25 de mayo a las 18 horas<br \/>\nEn el Instituto Nacional del Cooperativismo, INACOOP.<\/p>\n<p>San jos\u00e9 1418, Montevideo.<\/p>\n<p>Para debatir y analizar la situaci\u00f3n de las cooperativas de consumo en la regi\u00f3n, la Unidad de Estudios Cooperativos de la Universidad de la Rep\u00fablica y la Federaci\u00f3n Uruguaya de Cooperativas de Conusmo lo invitan al taller: &#8220;Las cooperativas de consumo en Argentina: resultados de investigaci\u00f3n y lecturas sobre la experiencia uruguaya&#8221;, a cargo de la economista Carolina Pereyra Huertas y Gerardo Montes.<\/p>\n","protected":false},"excerpt":{"rendered":"<p>Mi\u00e9rcoles 25 de mayo a las 18 horas<br \/>\nEn el Instituto Nacional del Cooperativismo, INACOOP.<\/p>\n<p>San jos\u00e9 1418, Montevideo.<\/p>\n","protected":false},"author":1,"featured_media":1720,"comment_status":"closed","ping_status":"Open","sticky":false,"template":"","format":"standard","meta":{"_acf_changed":false,"ngg_post_thumbnail":0,"footnotes":""},"categories":[6],"tags":[],"class_list":["post-1413","post","type-post","status-publish","format-standard","has-post-thumbnail","hentry","category-institucionales"],"acf":[],"_links":{"self":[{"href":"http:\/\/www.cudecoop.coop\/cudecoop\/wp-json\/wp\/v2\/posts\/1413","targetHints":{"allow":["GET"]}}],"collection":[{"href":"http:\/\/www.cudecoop.coop\/cudecoop\/wp-json\/wp\/v2\/posts"}],"about":[{"href":"http:\/\/www.cudecoop.coop\/cudecoop\/wp-json\/wp\/v2\/types\/post"}],"author":[{"embeddable":true,"href":"http:\/\/www.cudecoop.coop\/cudecoop\/wp-json\/wp\/v2\/users\/1"}],"replies":[{"embeddable":true,"href":"http:\/\/www.cudecoop.coop\/cudecoop\/wp-json\/wp\/v2\/comments?post=1413"}],"version-history":[{"count":0,"href":"http:\/\/www.cudecoop.coop\/cudecoop\/wp-json\/wp\/v2\/posts\/1413\/revisions"}],"wp:featuredmedia":[{"embeddable":true,"href":"http:\/\/www.cudecoop.coop\/cudecoop\/wp-json\/wp\/v2\/media\/1720"}],"wp:attachment":[{"href":"http:\/\/www.cudecoop.coop\/cudecoop\/wp-json\/wp\/v2\/media?parent=1413"}],"wp:term":[{"taxonomy":"category","embeddable":true,"href":"http:\/\/www.cudecoop.coop\/cudecoop\/wp-json\/wp\/v2\/categories?post=1413"},{"taxonomy":"post_tag","embeddable":true,"href":"http:\/\/www.cudecoop.coop\/cudecoop\/wp-json\/wp\/v2\/tags?post=1413"}],"curies":[{"name":"wp","href":"https:\/\/api.w.org\/{rel}","templated":true}]}}