{"id":1411,"date":"2016-04-21T19:45:00","date_gmt":"2016-04-21T19:45:00","guid":{"rendered":"http:\/\/www.cudecoop.coop\/cudecoop\/?p=1411"},"modified":"2016-04-21T19:45:00","modified_gmt":"2016-04-21T19:45:00","slug":"fcpu-prensa-escrita-y-gestion-colectiva-tratamiento-de-los-medios-de-comunicacion-sobre-los-procesos-de-autogestion","status":"publish","type":"post","link":"http:\/\/www.cudecoop.coop\/cudecoop\/fcpu-prensa-escrita-y-gestion-colectiva-tratamiento-de-los-medios-de-comunicacion-sobre-los-procesos-de-autogestion\/","title":{"rendered":"FCPU &#8211; Prensa escrita y gesti\u00f3n colectiva: tratamiento de los medios de comunicaci\u00f3n sobre los procesos de autogesti\u00f3n"},"content":{"rendered":"<p>El pasado 15 de abril se realiz\u00f3 en la casa de la Federaci\u00f3n de Cooperativas de Producci\u00f3n, la presentaci\u00f3n de el resultado que arroj\u00f3 una investigaci\u00f3n realizada por estudiantes en el marco del curso taller de cooperativismo de Extensi\u00f3n Universitaria, sobre el tratamiento del tema FONDES en los medios de prensa escrita de nuestro pa\u00eds.<\/p>\n<p>En t\u00e9rminos generales, las conclusiones fueron que cada medio realiza, como es de esperar, un tratamiento diferente a cada noticia vinculada a la tem\u00e1tica FONDES, dependiendo a las ideolog\u00edas presentes en cada emisor. Algunos resaltan m\u00e1s los valores de la autogesti\u00f3n y lo asocian directamente al FONDES y otros directamente no lo vinculan o lo desalientan. Tambi\u00e9n destacaron que los medios que m\u00e1s notas emiten al respecto lo hacen en modalidad de columnas de opini\u00f3n y no en noticias.<\/p>\n<p>Se cont\u00f3 al final con la presencia de la Prof. Nidia Abatedaga (UNC, Argentina) quien destaco fundamentalmente la importancia de que el pa\u00eds cuente con una herramienta como el Fondo de Desarrollo para aportar al desenvolvimiento de los emprendimientos autogestionados.<\/p>\n","protected":false},"excerpt":{"rendered":"<p>El pasado 15 de abril se realiz\u00f3 en la casa de la Federaci\u00f3n de Cooperativas de Producci\u00f3n, la presentaci\u00f3n de el resultado que arroj\u00f3 una investigaci\u00f3n realizada por estudiantes en el marco del curso taller de cooperativismo de Extensi\u00f3n Universitaria, sobre el tratamiento del tema FONDES en los medios de prensa escrita de nuestro pa\u00eds.<\/p>\n","protected":false},"author":1,"featured_media":0,"comment_status":"closed","ping_status":"Open","sticky":false,"template":"","format":"standard","meta":{"_acf_changed":false,"ngg_post_thumbnail":0,"footnotes":""},"categories":[6],"tags":[],"class_list":["post-1411","post","type-post","status-publish","format-standard","hentry","category-institucionales"],"acf":[],"_links":{"self":[{"href":"http:\/\/www.cudecoop.coop\/cudecoop\/wp-json\/wp\/v2\/posts\/1411","targetHints":{"allow":["GET"]}}],"collection":[{"href":"http:\/\/www.cudecoop.coop\/cudecoop\/wp-json\/wp\/v2\/posts"}],"about":[{"href":"http:\/\/www.cudecoop.coop\/cudecoop\/wp-json\/wp\/v2\/types\/post"}],"author":[{"embeddable":true,"href":"http:\/\/www.cudecoop.coop\/cudecoop\/wp-json\/wp\/v2\/users\/1"}],"replies":[{"embeddable":true,"href":"http:\/\/www.cudecoop.coop\/cudecoop\/wp-json\/wp\/v2\/comments?post=1411"}],"version-history":[{"count":0,"href":"http:\/\/www.cudecoop.coop\/cudecoop\/wp-json\/wp\/v2\/posts\/1411\/revisions"}],"wp:attachment":[{"href":"http:\/\/www.cudecoop.coop\/cudecoop\/wp-json\/wp\/v2\/media?parent=1411"}],"wp:term":[{"taxonomy":"category","embeddable":true,"href":"http:\/\/www.cudecoop.coop\/cudecoop\/wp-json\/wp\/v2\/categories?post=1411"},{"taxonomy":"post_tag","embeddable":true,"href":"http:\/\/www.cudecoop.coop\/cudecoop\/wp-json\/wp\/v2\/tags?post=1411"}],"curies":[{"name":"wp","href":"https:\/\/api.w.org\/{rel}","templated":true}]}}