{"id":1410,"date":"2016-04-19T21:57:00","date_gmt":"2016-04-19T21:57:00","guid":{"rendered":"http:\/\/www.cudecoop.coop\/cudecoop\/?p=1410"},"modified":"2016-04-19T21:57:00","modified_gmt":"2016-04-19T21:57:00","slug":"formacion-para-cooperativasfcpu","status":"publish","type":"post","link":"http:\/\/www.cudecoop.coop\/cudecoop\/formacion-para-cooperativasfcpu\/","title":{"rendered":"Formaci\u00f3n para Cooperativas- FCPU"},"content":{"rendered":"<p>La Comisi\u00f3n Fiscal en la cooperativa y Gesti\u00f3n Orientada al Cliente, son los cursos que comenzar\u00e1n a dictarse en mayo, en la Federaci\u00f3n de Cooperativas de Producci\u00f3n.<\/p>\n<p>&#8220;La Comisi\u00f3n Fiscal en la cooperativa&#8221;- Cometidos estatutarios y funcionamiento de la Comisi\u00f3n fiscal; relaci\u00f3n de la Comisi\u00f3n Fiscal con otros \u00f3rganos cooperativos; diferencias conceptuales y de responsabilidad entre control, evaluaci\u00f3n, supervisi\u00f3n, monitoreo o seguimiento; sistema de registros de la actuaci\u00f3n fiscal; elementos de derecho laboral; an\u00e1lisis, evaluaci\u00f3n de la situaci\u00f3n econ\u00f3mica y financiera: conceptos b\u00e1sicos de contabilidad y estados contables b\u00e1sicos; lectura y an\u00e1lisis de informes contables.<\/p>\n<p>&#8220;Gesti\u00f3n orientada al cliente&#8221;- Nuevas tendencias y conceptos sobre la atenci\u00f3n al cliente e identificar oportunidades para reflexionar y descubrir competencias en cada participante, que le permitan propiciar o fortalecer v\u00ednculos estrat\u00e9gicos, sanos y perdurables con los clientes. Visualizar de manera integral la importancia de la atenci\u00f3n al cliente como una diferencia muy significativa en la gesti\u00f3n de la cooperativa, su fortalecimiento y sustentabilidad a largo plazo. Mejorar las herramientas comunicacionales permitir\u00e1 a cada participante relacionarse con mayor eficiencia empresarial, pero tambi\u00e9n aportando a sus v\u00ednculos personales.<\/p>\n<p>&#8211; Las inscripciones se realizan a trav\u00e9s del correo electr\u00f3nico fcpu@fcpu.coop, llamando al 2418 02 18 o en la propia sede de la FCPU (Salto 1289 esquina Constituyente).<br \/>\n&#8211; Aquellas cooperativas en las que se inscriba m\u00e1s de un integrante, tendr\u00e1 un 20% de descuento sobre su costo.<br \/>\n&#8211; INACOOP brindar\u00e1 becas parciales para cooperativistas. Ver reglamento de becas<\/p>\n<p>En adjunto se encuentra informaci\u00f3n sobre otros cursos que se realizar\u00e1n este semestre.<br \/>\nwww.fcpu.coop<br \/>\nwww.facebook.com\/federacioncooperativas\/<\/p>\n","protected":false},"excerpt":{"rendered":"<p>La Comisi\u00f3n Fiscal en la cooperativa y Gesti\u00f3n Orientada al Cliente, son los cursos que comenzar\u00e1n a dictarse en mayo, en la Federaci\u00f3n de Cooperativas de Producci\u00f3n.<\/p>\n","protected":false},"author":1,"featured_media":1717,"comment_status":"closed","ping_status":"Open","sticky":false,"template":"","format":"standard","meta":{"_acf_changed":false,"ngg_post_thumbnail":0,"footnotes":""},"categories":[6],"tags":[],"class_list":["post-1410","post","type-post","status-publish","format-standard","has-post-thumbnail","hentry","category-institucionales"],"acf":[],"_links":{"self":[{"href":"http:\/\/www.cudecoop.coop\/cudecoop\/wp-json\/wp\/v2\/posts\/1410","targetHints":{"allow":["GET"]}}],"collection":[{"href":"http:\/\/www.cudecoop.coop\/cudecoop\/wp-json\/wp\/v2\/posts"}],"about":[{"href":"http:\/\/www.cudecoop.coop\/cudecoop\/wp-json\/wp\/v2\/types\/post"}],"author":[{"embeddable":true,"href":"http:\/\/www.cudecoop.coop\/cudecoop\/wp-json\/wp\/v2\/users\/1"}],"replies":[{"embeddable":true,"href":"http:\/\/www.cudecoop.coop\/cudecoop\/wp-json\/wp\/v2\/comments?post=1410"}],"version-history":[{"count":0,"href":"http:\/\/www.cudecoop.coop\/cudecoop\/wp-json\/wp\/v2\/posts\/1410\/revisions"}],"wp:featuredmedia":[{"embeddable":true,"href":"http:\/\/www.cudecoop.coop\/cudecoop\/wp-json\/wp\/v2\/media\/1717"}],"wp:attachment":[{"href":"http:\/\/www.cudecoop.coop\/cudecoop\/wp-json\/wp\/v2\/media?parent=1410"}],"wp:term":[{"taxonomy":"category","embeddable":true,"href":"http:\/\/www.cudecoop.coop\/cudecoop\/wp-json\/wp\/v2\/categories?post=1410"},{"taxonomy":"post_tag","embeddable":true,"href":"http:\/\/www.cudecoop.coop\/cudecoop\/wp-json\/wp\/v2\/tags?post=1410"}],"curies":[{"name":"wp","href":"https:\/\/api.w.org\/{rel}","templated":true}]}}