{"id":1409,"date":"2016-04-02T16:03:00","date_gmt":"2016-04-02T16:03:00","guid":{"rendered":"http:\/\/www.cudecoop.coop\/cudecoop\/?p=1409"},"modified":"2020-02-03T19:22:06","modified_gmt":"2020-02-03T19:22:06","slug":"difundimos-invitacion-de-caf","status":"publish","type":"post","link":"http:\/\/www.cudecoop.coop\/cudecoop\/difundimos-invitacion-de-caf\/","title":{"rendered":"Difundimos invitaci\u00f3n de CAF"},"content":{"rendered":"<p><img loading=\"lazy\" decoding=\"async\" class=\"alignnone size-medium wp-image-3092\" src=\"http:\/\/www.cudecoop.coop\/cudecoop\/wp-content\/uploads\/2016\/04\/cropped-cudecoop300ppi-300x102.png\" alt=\"\" width=\"300\" height=\"102\" srcset=\"http:\/\/www.cudecoop.coop\/cudecoop\/wp-content\/uploads\/2016\/04\/cropped-cudecoop300ppi-300x102.png 300w, http:\/\/www.cudecoop.coop\/cudecoop\/wp-content\/uploads\/2016\/04\/cropped-cudecoop300ppi-24x8.png 24w, http:\/\/www.cudecoop.coop\/cudecoop\/wp-content\/uploads\/2016\/04\/cropped-cudecoop300ppi-36x12.png 36w, http:\/\/www.cudecoop.coop\/cudecoop\/wp-content\/uploads\/2016\/04\/cropped-cudecoop300ppi-48x16.png 48w, http:\/\/www.cudecoop.coop\/cudecoop\/wp-content\/uploads\/2016\/04\/cropped-cudecoop300ppi.png 738w\" sizes=\"auto, (max-width: 300px) 100vw, 300px\" \/><\/p>\n<p>Las Cooperativas Agrarias Federadas (CAF) invitan para el pr\u00f3ximo viernes 8 de abril a su Seminario Contradicciones y desaf\u00edos de Ley de Responsabilidad Penal Empresarial y Ley de Consumo de Cannabis en los lugares de trabajo. Ser\u00e1 en la sala Cacson (Mercedes 1029, Montevideo) de 9.30 a 13.30 hs<\/p>\n<p>Objetivos: informar claramente a quienes gestionan, sobre la normativa relacionada con la responsabilidad penal en caso de incumplimiento de las normas de SST, la tem\u00e1tica del consumo de Cannabis, as\u00ed como el decreto reglamentario sobre los aspectos laborales y un proyecto de decreto reglamentario sobre el consumo de Alcohol, Cannabis y otras drogas en el trabajo.<br \/>\nDirigido a: responsables de la gesti\u00f3n de Seguridad y Salud en el Trabajo, gerentes, jefes y mandos medios. Productores y directivos con personal a cargo en establecimientos.<\/p>\n<p>Contenido:<br \/>\nLa ley 19.196 Responsabilidad Penal Empresarial, antecedentes, comentarios y an\u00e1lisis del texto.<br \/>\nEl \u00e9nfasis en la gesti\u00f3n preventiva.<br \/>\nAcciones de implementaci\u00f3n y recomendaciones.<br \/>\nLa ley 19.172 y el art. 42 del decreto reglamentario 120\/14, sobre aspectos laborales del consumo del Cannabis.<br \/>\nReciente proyecto de decreto acordado en el CONASSART reglamentario del consumo de Alcohol, Cannabis y otras drogas en el trabajo.<\/p>\n<p>Conclusiones<br \/>\nExpositor: Ra\u00fal Damonte<br \/>\nDoctor en Derecho y Ciencias Sociales de la UDELAR; Asesor en Relaciones Industriales de FNC S.A.; ex Gerente de RRHH de FNC S.A.; integrante de la Comisi\u00f3n Socio-Laboral de la C\u00e1mara de Industrias del Uruguay; miembro del Consejo Consultivo Asesor de la IGTSS (MTSS); miembro alterno del Consejo Superior Tripartito en representaci\u00f3n de la CIU; miembro del Consejo Nacional de Salud y Seguridad en el Trabajo, Asesor de empresas en Relaciones Laborales, Derecho del Trabajo y Recursos Humanos; Asesor de CAF en Relaciones Laborales y de diversas C\u00e1maras del Uruguay; docente de ISEDE (Escuela de Negocios de ACDE) y del Instituto de Formaci\u00f3n de la CIU. Experto O.I.T en competencias laborales.<\/p>\n<p>Inversi\u00f3n:<br \/>\nPara socias de CAF: SIN COSTO<br \/>\nPara no socios: $ 500<br \/>\nCupos limitados.<\/p>\n<p>M\u00e1s informaci\u00f3n: http:\/\/www.caf.org.uy\/site\/?page_id=3688<\/p>\n","protected":false},"excerpt":{"rendered":"<p>Las Cooperativas Agrarias Federadas (CAF) invitan para el pr\u00f3ximo viernes 8 de abril a su Seminario Contradicciones y desaf\u00edos de Ley de Responsabilidad Penal Empresarial y Ley de Consumo de Cannabis en los lugares de trabajo. Ser\u00e1 en la sala Cacson (Mercedes 1029, Montevideo) de 9.30 a 13.30 hs<\/p>\n","protected":false},"author":1,"featured_media":0,"comment_status":"closed","ping_status":"closed","sticky":false,"template":"","format":"standard","meta":{"_acf_changed":false,"ngg_post_thumbnail":0,"footnotes":""},"categories":[6],"tags":[],"class_list":["post-1409","post","type-post","status-publish","format-standard","hentry","category-institucionales"],"acf":[],"_links":{"self":[{"href":"http:\/\/www.cudecoop.coop\/cudecoop\/wp-json\/wp\/v2\/posts\/1409","targetHints":{"allow":["GET"]}}],"collection":[{"href":"http:\/\/www.cudecoop.coop\/cudecoop\/wp-json\/wp\/v2\/posts"}],"about":[{"href":"http:\/\/www.cudecoop.coop\/cudecoop\/wp-json\/wp\/v2\/types\/post"}],"author":[{"embeddable":true,"href":"http:\/\/www.cudecoop.coop\/cudecoop\/wp-json\/wp\/v2\/users\/1"}],"replies":[{"embeddable":true,"href":"http:\/\/www.cudecoop.coop\/cudecoop\/wp-json\/wp\/v2\/comments?post=1409"}],"version-history":[{"count":2,"href":"http:\/\/www.cudecoop.coop\/cudecoop\/wp-json\/wp\/v2\/posts\/1409\/revisions"}],"predecessor-version":[{"id":3094,"href":"http:\/\/www.cudecoop.coop\/cudecoop\/wp-json\/wp\/v2\/posts\/1409\/revisions\/3094"}],"wp:attachment":[{"href":"http:\/\/www.cudecoop.coop\/cudecoop\/wp-json\/wp\/v2\/media?parent=1409"}],"wp:term":[{"taxonomy":"category","embeddable":true,"href":"http:\/\/www.cudecoop.coop\/cudecoop\/wp-json\/wp\/v2\/categories?post=1409"},{"taxonomy":"post_tag","embeddable":true,"href":"http:\/\/www.cudecoop.coop\/cudecoop\/wp-json\/wp\/v2\/tags?post=1409"}],"curies":[{"name":"wp","href":"https:\/\/api.w.org\/{rel}","templated":true}]}}