{"id":1406,"date":"2015-11-13T14:53:00","date_gmt":"2015-11-13T14:53:00","guid":{"rendered":"http:\/\/www.cudecoop.coop\/cudecoop\/?p=1406"},"modified":"2015-11-13T14:53:00","modified_gmt":"2015-11-13T14:53:00","slug":"monique-leroux-elegida-como-la-nueva-presidenta-de-la-alianza-cooperativa-internacional","status":"publish","type":"post","link":"http:\/\/www.cudecoop.coop\/cudecoop\/monique-leroux-elegida-como-la-nueva-presidenta-de-la-alianza-cooperativa-internacional\/","title":{"rendered":"Monique Leroux elegida como la nueva presidenta de la Alianza Cooperativa Internacional."},"content":{"rendered":"<p>La Alianza Cooperativa Internacional ha elegido hoy a Monique F. Leroux (Canad\u00e1 ) como su nueva presidenta. La Sra Leroux es un miembro de la junta de la Alianza con experiencia en finanzas y ser\u00e1 la presidenta de la Alianza para el t\u00e9rmino desde 2015 hasta 2017 .<\/p>\n<p>La Sra. Leroux era una de los cuatro candidatos que ingresaron en la carrera por las elecciones presidenciales de la Alianza.<br \/>\nEs Presidenta del Consejo y Directora General de Desjardins Group, una federaci\u00f3n de 376 cooperativas de cr\u00e9dito y otros grupos que sirven siete millones de miembros en Canad\u00e1 y opera en otros 40 pa\u00edses.<\/p>\n<p>Hubo un total de 742 votos emitidos, la Sra Leroux recibi\u00f3 407 votos (55 % del total). El Sr. Ariel Guarco ocup\u00f3 el segundo lugar con 205 votos (28%), mientras que Jean -Louis Bancel termin\u00f3 en tercer lugar con 66 votos (9%) y Eudes de Freitas Aquino lleg\u00f3 cuarto con 64 votos (8%).<\/p>\n<p>Fuentes: ACI (http:\/\/ica.coop\/en\/media\/news\/monique-f-leroux-elected-new-president-international-co-operative-alliance)<\/p>\n<p>Thenews.coop (http:\/\/www.thenews.coop\/99166\/news\/global-affairs\/monique-leroux-elected-new-president-international-co-operative-alliance\/)<\/p>\n","protected":false},"excerpt":{"rendered":"<p>La Alianza Cooperativa Internacional ha elegido hoy a Monique F. Leroux (Canad\u00e1 ) como su nueva presidenta. La Sra Leroux es un miembro de la junta de la Alianza con experiencia en finanzas y ser\u00e1 la presidenta de la Alianza para el t\u00e9rmino desde 2015 hasta 2017 .<\/p>\n","protected":false},"author":1,"featured_media":1701,"comment_status":"closed","ping_status":"Open","sticky":false,"template":"","format":"standard","meta":{"_acf_changed":false,"ngg_post_thumbnail":0,"footnotes":""},"categories":[6],"tags":[],"class_list":["post-1406","post","type-post","status-publish","format-standard","has-post-thumbnail","hentry","category-institucionales"],"acf":[],"_links":{"self":[{"href":"http:\/\/www.cudecoop.coop\/cudecoop\/wp-json\/wp\/v2\/posts\/1406","targetHints":{"allow":["GET"]}}],"collection":[{"href":"http:\/\/www.cudecoop.coop\/cudecoop\/wp-json\/wp\/v2\/posts"}],"about":[{"href":"http:\/\/www.cudecoop.coop\/cudecoop\/wp-json\/wp\/v2\/types\/post"}],"author":[{"embeddable":true,"href":"http:\/\/www.cudecoop.coop\/cudecoop\/wp-json\/wp\/v2\/users\/1"}],"replies":[{"embeddable":true,"href":"http:\/\/www.cudecoop.coop\/cudecoop\/wp-json\/wp\/v2\/comments?post=1406"}],"version-history":[{"count":0,"href":"http:\/\/www.cudecoop.coop\/cudecoop\/wp-json\/wp\/v2\/posts\/1406\/revisions"}],"wp:featuredmedia":[{"embeddable":true,"href":"http:\/\/www.cudecoop.coop\/cudecoop\/wp-json\/wp\/v2\/media\/1701"}],"wp:attachment":[{"href":"http:\/\/www.cudecoop.coop\/cudecoop\/wp-json\/wp\/v2\/media?parent=1406"}],"wp:term":[{"taxonomy":"category","embeddable":true,"href":"http:\/\/www.cudecoop.coop\/cudecoop\/wp-json\/wp\/v2\/categories?post=1406"},{"taxonomy":"post_tag","embeddable":true,"href":"http:\/\/www.cudecoop.coop\/cudecoop\/wp-json\/wp\/v2\/tags?post=1406"}],"curies":[{"name":"wp","href":"https:\/\/api.w.org\/{rel}","templated":true}]}}