{"id":1405,"date":"2015-11-09T20:14:00","date_gmt":"2015-11-09T20:14:00","guid":{"rendered":"http:\/\/www.cudecoop.coop\/cudecoop\/?p=1405"},"modified":"2015-11-09T20:14:00","modified_gmt":"2015-11-09T20:14:00","slug":"reddentis-colabora-con-la-salud-bucal-de-los-adultos-mayores","status":"publish","type":"post","link":"http:\/\/www.cudecoop.coop\/cudecoop\/reddentis-colabora-con-la-salud-bucal-de-los-adultos-mayores\/","title":{"rendered":"RedDentis colabora con la salud bucal de los adultos mayores."},"content":{"rendered":"<p>El viernes 6 de noviembre, se llev\u00f3 a cabo en instalaciones de la cooperativa odontol\u00f3gica RedDentis, la celebraci\u00f3n de la Primera Etapa de cierre del convenio de implementaci\u00f3n del Programa de Salud Bucal.<\/p>\n<p>El encuentro cont\u00f3 con la participaci\u00f3n de autoridades tales como el el Presidente del Instituto Nacional del Cooperativismo (INACOOP), Sr. Gustavo Bernini;  el Presidente de RedDentis, Dr. Antonio Chamorro y el Primer Vicepresidente de CUDECOOP, Sr. Juan Carlos Canessa.<\/p>\n<p>\u009dRed Dentis como cooperativa que es, tiene responsabilidad social, y con ese punto de partida, decidi\u00f3 usar parte de sus ganancias para cumplir con esa responsabilidad.<br \/>\nComenzamos a buscar cu\u00e1l era esa poblaci\u00f3n que se pod\u00eda atender. Resolvimos que los adultos mayores eran la poblaci\u00f3n que mejor se adaptaba. Es muy importante colaborar con la salud bucal de los adultos mayores. Al d\u00eda de hoy son cien pacientes en total los que se ver\u00e1n beneficiados\u009d dijo el Presidente de Red Dentis.<\/p>\n<p>&#8220;Recuperar la sonrisa significa inclusi\u00f3n social, el Estado asociado con las cooperativas debe tener como objetivo el desarrollo humano&#8221; sentenci\u00f3 el Presidente del INACOOP y felicit\u00f3 a la cooperativa odontol\u00f3gica por el valor de la acci\u00f3n que est\u00e1 llevando a cabo.<\/p>\n","protected":false},"excerpt":{"rendered":"<p>El viernes 6 de noviembre, se llev\u00f3 a cabo en instalaciones de la cooperativa odontol\u00f3gica RedDentis, la celebraci\u00f3n de la Primera Etapa de cierre del convenio de implementaci\u00f3n del Programa de Salud Bucal.<\/p>\n","protected":false},"author":1,"featured_media":0,"comment_status":"closed","ping_status":"Open","sticky":false,"template":"","format":"standard","meta":{"_acf_changed":false,"ngg_post_thumbnail":0,"footnotes":""},"categories":[6],"tags":[],"class_list":["post-1405","post","type-post","status-publish","format-standard","hentry","category-institucionales"],"acf":[],"_links":{"self":[{"href":"http:\/\/www.cudecoop.coop\/cudecoop\/wp-json\/wp\/v2\/posts\/1405","targetHints":{"allow":["GET"]}}],"collection":[{"href":"http:\/\/www.cudecoop.coop\/cudecoop\/wp-json\/wp\/v2\/posts"}],"about":[{"href":"http:\/\/www.cudecoop.coop\/cudecoop\/wp-json\/wp\/v2\/types\/post"}],"author":[{"embeddable":true,"href":"http:\/\/www.cudecoop.coop\/cudecoop\/wp-json\/wp\/v2\/users\/1"}],"replies":[{"embeddable":true,"href":"http:\/\/www.cudecoop.coop\/cudecoop\/wp-json\/wp\/v2\/comments?post=1405"}],"version-history":[{"count":0,"href":"http:\/\/www.cudecoop.coop\/cudecoop\/wp-json\/wp\/v2\/posts\/1405\/revisions"}],"wp:attachment":[{"href":"http:\/\/www.cudecoop.coop\/cudecoop\/wp-json\/wp\/v2\/media?parent=1405"}],"wp:term":[{"taxonomy":"category","embeddable":true,"href":"http:\/\/www.cudecoop.coop\/cudecoop\/wp-json\/wp\/v2\/categories?post=1405"},{"taxonomy":"post_tag","embeddable":true,"href":"http:\/\/www.cudecoop.coop\/cudecoop\/wp-json\/wp\/v2\/tags?post=1405"}],"curies":[{"name":"wp","href":"https:\/\/api.w.org\/{rel}","templated":true}]}}