{"id":1403,"date":"2015-11-03T19:02:00","date_gmt":"2015-11-03T19:02:00","guid":{"rendered":"http:\/\/www.cudecoop.coop\/cudecoop\/?p=1403"},"modified":"2015-11-03T19:02:00","modified_gmt":"2015-11-03T19:02:00","slug":"el-trabajo-asociado-herramienta-de-cambio-o-ultimo-recurso-quinta-tertulia-cooperativa","status":"publish","type":"post","link":"http:\/\/www.cudecoop.coop\/cudecoop\/el-trabajo-asociado-herramienta-de-cambio-o-ultimo-recurso-quinta-tertulia-cooperativa\/","title":{"rendered":"\u201cEl Trabajo asociado: herramienta de cambio o \u00faltimo recurso\u201d. Quinta Tertulia Cooperativa."},"content":{"rendered":"<p>El 28 de octubre de 2015 se llev\u00f3 a cabo en la Sede de Federaci\u00f3n de Cooperativas de Producci\u00f3n del Uruguay (FCPU) la 5ta. Tertulia Cooperativa, donde el Secretario General de la FCPU, Sr. Juan Correa, realiz\u00f3 la presentaci\u00f3n \u201cEl Trabajo asociado: herramienta de cambio o \u00faltimo recurso\u201d<\/p>\n<p>En el encuentro contaron su experiencia representantes de la Cooperativa COETC (Cooperativa de Obreros y Empleados del Transporte Colectivo) de Montevideo, fundada en 1963 y de la Cooperativa CAORSI, Molino harinero, fideer\u00eda y raciones, los cuales realizan la fabricaci\u00f3n de fideos marca \u009dCaorsi\u009d y \u009dNati\u009d y Panader\u00eda de Tacuaremb\u00f3. <\/p>\n<p>Al finalizar las exposiciones, se realiz\u00f3 un profundo intercambio sobre los aportes recibidos y sobre la intercooperaci\u00f3n como herramienta. La mayor\u00eda de los presentes recalc\u00f3 la importancia del \u00e1mbito de las Tertulias Cooperativas y la idea de profundizar en trabajos concretos que remarquen las intenciones de hacer realidad proyectos intercooperativos. <\/p>\n<p>En el mes de noviembre se continuar\u00e1n realizando una nueva secuencia de Tertulias, envi\u00e1ndose en pr\u00f3ximos d\u00edas la programaci\u00f3n pertinente.<\/p>\n<p>Se agradece a FUCC por la  informaci\u00f3n brindada.<\/p>\n","protected":false},"excerpt":{"rendered":"<p>El 28 de octubre de 2015 se llev\u00f3 a cabo en la Sede de Federaci\u00f3n de Cooperativas de Producci\u00f3n del Uruguay (FCPU) la 5ta. Tertulia Cooperativa, donde el Secretario General de la FCPU, Sr. Juan Correa, realiz\u00f3 la presentaci\u00f3n \u201cEl Trabajo asociado: herramienta de cambio o \u00faltimo recurso\u201d<\/p>\n","protected":false},"author":1,"featured_media":1696,"comment_status":"closed","ping_status":"Open","sticky":false,"template":"","format":"standard","meta":{"_acf_changed":false,"ngg_post_thumbnail":0,"footnotes":""},"categories":[6],"tags":[],"class_list":["post-1403","post","type-post","status-publish","format-standard","has-post-thumbnail","hentry","category-institucionales"],"acf":[],"_links":{"self":[{"href":"http:\/\/www.cudecoop.coop\/cudecoop\/wp-json\/wp\/v2\/posts\/1403","targetHints":{"allow":["GET"]}}],"collection":[{"href":"http:\/\/www.cudecoop.coop\/cudecoop\/wp-json\/wp\/v2\/posts"}],"about":[{"href":"http:\/\/www.cudecoop.coop\/cudecoop\/wp-json\/wp\/v2\/types\/post"}],"author":[{"embeddable":true,"href":"http:\/\/www.cudecoop.coop\/cudecoop\/wp-json\/wp\/v2\/users\/1"}],"replies":[{"embeddable":true,"href":"http:\/\/www.cudecoop.coop\/cudecoop\/wp-json\/wp\/v2\/comments?post=1403"}],"version-history":[{"count":0,"href":"http:\/\/www.cudecoop.coop\/cudecoop\/wp-json\/wp\/v2\/posts\/1403\/revisions"}],"wp:featuredmedia":[{"embeddable":true,"href":"http:\/\/www.cudecoop.coop\/cudecoop\/wp-json\/wp\/v2\/media\/1696"}],"wp:attachment":[{"href":"http:\/\/www.cudecoop.coop\/cudecoop\/wp-json\/wp\/v2\/media?parent=1403"}],"wp:term":[{"taxonomy":"category","embeddable":true,"href":"http:\/\/www.cudecoop.coop\/cudecoop\/wp-json\/wp\/v2\/categories?post=1403"},{"taxonomy":"post_tag","embeddable":true,"href":"http:\/\/www.cudecoop.coop\/cudecoop\/wp-json\/wp\/v2\/tags?post=1403"}],"curies":[{"name":"wp","href":"https:\/\/api.w.org\/{rel}","templated":true}]}}