{"id":1400,"date":"2015-09-25T19:57:00","date_gmt":"2015-09-25T19:57:00","guid":{"rendered":"http:\/\/www.cudecoop.coop\/cudecoop\/?p=1400"},"modified":"2015-09-25T19:57:00","modified_gmt":"2015-09-25T19:57:00","slug":"continuamos-debatiendo","status":"publish","type":"post","link":"http:\/\/www.cudecoop.coop\/cudecoop\/continuamos-debatiendo\/","title":{"rendered":"CONTINUAMOS DEBATIENDO"},"content":{"rendered":"<p>El mi\u00e9rcoles 23 a la hora 19, se llev\u00f3 a cabo en el Sal\u00f3n de Fiestas de la Cooperativa Magisterial,  la 2da jornada de Tertulias Cooperativas para continuar debatiendo, esta vez bajo el lema del &#8220;Acto Cooperativo&#8221; en manos del Escribano Danilo Gutierrez.<\/p>\n<p>Se congregaron dirigentes y funcionarios de diversas modalidades del Movimiento para presenciar junto a integrantes del Directorio del INACOOP, del Comit\u00e9 Ejecutivo de CUDECOOP, y autoridades de FUCC, la exposici\u00f3n que brind\u00f3 el Director Ejecutivo del INACOOP, Esc. Danilo Guti\u00e9rrez, sobre &#8220;Acto Cooperativo&#8221;.<\/p>\n<p>La solvente presentaci\u00f3n realizada motiv\u00f3 a los participantes a hacer preguntas y consideraciones, en un verdadero di\u00e1logo necesario y trascendente sobre los aspectos de la exposici\u00f3n, el contexto y las proyecciones de las iniciativas que son demandadas al movimiento en su conjunto.<\/p>\n<p>Recordamos que el pr\u00f3ximo encuentro ser\u00e1 el 29 de setiembre a las 19 horas en las instalaciones de FECOVI,  Canelones 990 esq Julio Herrera y Obes, con presentaci\u00f3n de la Dra. Graciela Fern\u00e1ndez bajo el lema &#8220;Intercooperaci\u00f3n&#8221;.<\/p>\n","protected":false},"excerpt":{"rendered":"<p>El mi\u00e9rcoles 23 a la hora 19, se llev\u00f3 a cabo en el Sal\u00f3n de Fiestas de la Cooperativa Magisterial,  la 2da jornada de Tertulias Cooperativas para continuar debatiendo, esta vez bajo el lema del &#8220;Acto Cooperativo&#8221; en manos del Escribano Danilo Gutierrez.<\/p>\n","protected":false},"author":1,"featured_media":0,"comment_status":"closed","ping_status":"Open","sticky":false,"template":"","format":"standard","meta":{"_acf_changed":false,"ngg_post_thumbnail":0,"footnotes":""},"categories":[6],"tags":[],"class_list":["post-1400","post","type-post","status-publish","format-standard","hentry","category-institucionales"],"acf":[],"_links":{"self":[{"href":"http:\/\/www.cudecoop.coop\/cudecoop\/wp-json\/wp\/v2\/posts\/1400","targetHints":{"allow":["GET"]}}],"collection":[{"href":"http:\/\/www.cudecoop.coop\/cudecoop\/wp-json\/wp\/v2\/posts"}],"about":[{"href":"http:\/\/www.cudecoop.coop\/cudecoop\/wp-json\/wp\/v2\/types\/post"}],"author":[{"embeddable":true,"href":"http:\/\/www.cudecoop.coop\/cudecoop\/wp-json\/wp\/v2\/users\/1"}],"replies":[{"embeddable":true,"href":"http:\/\/www.cudecoop.coop\/cudecoop\/wp-json\/wp\/v2\/comments?post=1400"}],"version-history":[{"count":0,"href":"http:\/\/www.cudecoop.coop\/cudecoop\/wp-json\/wp\/v2\/posts\/1400\/revisions"}],"wp:attachment":[{"href":"http:\/\/www.cudecoop.coop\/cudecoop\/wp-json\/wp\/v2\/media?parent=1400"}],"wp:term":[{"taxonomy":"category","embeddable":true,"href":"http:\/\/www.cudecoop.coop\/cudecoop\/wp-json\/wp\/v2\/categories?post=1400"},{"taxonomy":"post_tag","embeddable":true,"href":"http:\/\/www.cudecoop.coop\/cudecoop\/wp-json\/wp\/v2\/tags?post=1400"}],"curies":[{"name":"wp","href":"https:\/\/api.w.org\/{rel}","templated":true}]}}