{"id":1399,"date":"2015-09-24T15:46:00","date_gmt":"2015-09-24T15:46:00","guid":{"rendered":"http:\/\/www.cudecoop.coop\/cudecoop\/?p=1399"},"modified":"2015-09-21T15:46:00","modified_gmt":"2015-09-21T15:46:00","slug":"50-aniversario-de-jumecal","status":"publish","type":"post","link":"http:\/\/www.cudecoop.coop\/cudecoop\/50-aniversario-de-jumecal\/","title":{"rendered":"50 Aniversario de JUMECAL"},"content":{"rendered":"<p>El domingo 20 de setiembre, se celebraron los 50 Aniversarios de la Cooperativa JUMECAL de Melilla.<\/p>\n<p>La cooperativa frut\u00edcola del noroeste de Montevideo fundada el 6 de setiembre de 1965, celebr\u00f3 sus 50 a\u00f1os en la zona de Melilla.<br \/>\nSe realiz\u00f3 un reconocimiento, hubieron paseos y almuerzo. Una gran jornada.<br \/>\nLo interesante de esta cooperativa es que se trata de la \u00fanica especializada en frutos de hojas caducas.<br \/>\nFelicidades!<\/p>\n","protected":false},"excerpt":{"rendered":"<p>El domingo 20 de setiembre, se celebraron los 50 Aniversarios de la Cooperativa JUMECAL de Melilla.<\/p>\n","protected":false},"author":1,"featured_media":1684,"comment_status":"closed","ping_status":"Open","sticky":false,"template":"","format":"standard","meta":{"_acf_changed":false,"ngg_post_thumbnail":0,"footnotes":""},"categories":[6],"tags":[],"class_list":["post-1399","post","type-post","status-publish","format-standard","has-post-thumbnail","hentry","category-institucionales"],"acf":[],"_links":{"self":[{"href":"http:\/\/www.cudecoop.coop\/cudecoop\/wp-json\/wp\/v2\/posts\/1399","targetHints":{"allow":["GET"]}}],"collection":[{"href":"http:\/\/www.cudecoop.coop\/cudecoop\/wp-json\/wp\/v2\/posts"}],"about":[{"href":"http:\/\/www.cudecoop.coop\/cudecoop\/wp-json\/wp\/v2\/types\/post"}],"author":[{"embeddable":true,"href":"http:\/\/www.cudecoop.coop\/cudecoop\/wp-json\/wp\/v2\/users\/1"}],"replies":[{"embeddable":true,"href":"http:\/\/www.cudecoop.coop\/cudecoop\/wp-json\/wp\/v2\/comments?post=1399"}],"version-history":[{"count":0,"href":"http:\/\/www.cudecoop.coop\/cudecoop\/wp-json\/wp\/v2\/posts\/1399\/revisions"}],"wp:featuredmedia":[{"embeddable":true,"href":"http:\/\/www.cudecoop.coop\/cudecoop\/wp-json\/wp\/v2\/media\/1684"}],"wp:attachment":[{"href":"http:\/\/www.cudecoop.coop\/cudecoop\/wp-json\/wp\/v2\/media?parent=1399"}],"wp:term":[{"taxonomy":"category","embeddable":true,"href":"http:\/\/www.cudecoop.coop\/cudecoop\/wp-json\/wp\/v2\/categories?post=1399"},{"taxonomy":"post_tag","embeddable":true,"href":"http:\/\/www.cudecoop.coop\/cudecoop\/wp-json\/wp\/v2\/tags?post=1399"}],"curies":[{"name":"wp","href":"https:\/\/api.w.org\/{rel}","templated":true}]}}