{"id":1397,"date":"2015-09-24T14:14:00","date_gmt":"2015-09-24T14:14:00","guid":{"rendered":"http:\/\/www.cudecoop.coop\/cudecoop\/?p=1397"},"modified":"2015-09-24T14:14:00","modified_gmt":"2015-09-24T14:14:00","slug":"taller-debate-sobre-autogestion-derecho-a-replica","status":"publish","type":"post","link":"http:\/\/www.cudecoop.coop\/cudecoop\/taller-debate-sobre-autogestion-derecho-a-replica\/","title":{"rendered":"Taller-debate sobre Autogesti\u00f3n: &#8220;Derecho a r\u00e9plica&#8221;"},"content":{"rendered":"<p>Siguiendo con los talleres-debates sobre los procesos autogestionarios en Uruguay, los invitamos a participar este viernes 25 a las 18 hs en el Caf\u00e9 La Diaria\/ Soriano 770<\/p>\n<p><b>              3er Taller:  &#8220;Derecho a r\u00e9plica&#8221;<\/b><\/p>\n<p>Elaboraci\u00f3n de documento escrito que recoja las argumentaciones elaboradas a lo largo de los talleres debate. El insumo emergente se trasladar\u00e1 a la mesa &#8220;Autogesti\u00f3n y desarrollo&#8221; del PROCOAS, y eventualmente se difundir\u00e1 a trav\u00e9s de los medios y espacios colectivos del sector.<\/p>\n<p><b>Viernes 25\/09<br \/>\n18 hs<br \/>\nLa Diaria\/ Soriano 770<\/b><\/p>\n<p>Ciclo de talleres sobre Autogesti\u00f3n<\/p>\n","protected":false},"excerpt":{"rendered":"<p>Siguiendo con los talleres-debates sobre los procesos autogestionarios en Uruguay, los invitamos a participar este viernes 25 a las 18 hs en el Caf\u00e9 La Diaria\/ Soriano 770<\/p>\n","protected":false},"author":1,"featured_media":1789,"comment_status":"closed","ping_status":"Open","sticky":false,"template":"","format":"standard","meta":{"_acf_changed":false,"ngg_post_thumbnail":0,"footnotes":""},"categories":[6],"tags":[],"class_list":["post-1397","post","type-post","status-publish","format-standard","has-post-thumbnail","hentry","category-institucionales"],"acf":[],"_links":{"self":[{"href":"http:\/\/www.cudecoop.coop\/cudecoop\/wp-json\/wp\/v2\/posts\/1397","targetHints":{"allow":["GET"]}}],"collection":[{"href":"http:\/\/www.cudecoop.coop\/cudecoop\/wp-json\/wp\/v2\/posts"}],"about":[{"href":"http:\/\/www.cudecoop.coop\/cudecoop\/wp-json\/wp\/v2\/types\/post"}],"author":[{"embeddable":true,"href":"http:\/\/www.cudecoop.coop\/cudecoop\/wp-json\/wp\/v2\/users\/1"}],"replies":[{"embeddable":true,"href":"http:\/\/www.cudecoop.coop\/cudecoop\/wp-json\/wp\/v2\/comments?post=1397"}],"version-history":[{"count":0,"href":"http:\/\/www.cudecoop.coop\/cudecoop\/wp-json\/wp\/v2\/posts\/1397\/revisions"}],"wp:featuredmedia":[{"embeddable":true,"href":"http:\/\/www.cudecoop.coop\/cudecoop\/wp-json\/wp\/v2\/media\/1789"}],"wp:attachment":[{"href":"http:\/\/www.cudecoop.coop\/cudecoop\/wp-json\/wp\/v2\/media?parent=1397"}],"wp:term":[{"taxonomy":"category","embeddable":true,"href":"http:\/\/www.cudecoop.coop\/cudecoop\/wp-json\/wp\/v2\/categories?post=1397"},{"taxonomy":"post_tag","embeddable":true,"href":"http:\/\/www.cudecoop.coop\/cudecoop\/wp-json\/wp\/v2\/tags?post=1397"}],"curies":[{"name":"wp","href":"https:\/\/api.w.org\/{rel}","templated":true}]}}