{"id":1394,"date":"2015-09-09T17:04:00","date_gmt":"2015-09-09T17:04:00","guid":{"rendered":"http:\/\/www.cudecoop.coop\/cudecoop\/?p=1394"},"modified":"2015-09-09T17:04:00","modified_gmt":"2015-09-09T17:04:00","slug":"expo-prado-2015-el-ministro-de-trabajo-inaugura-el-stand-de-inacoop-compartimos-informacion-recibida-del-inacoop","status":"publish","type":"post","link":"http:\/\/www.cudecoop.coop\/cudecoop\/expo-prado-2015-el-ministro-de-trabajo-inaugura-el-stand-de-inacoop-compartimos-informacion-recibida-del-inacoop\/","title":{"rendered":"EXPO PRADO 2015   El MINISTRO DE TRABAJO inaugura el STAND de INACOOP   (compartimos informaci\u00f3n recibida del INACOOP)"},"content":{"rendered":"<p>Con la participaci\u00f3n del Ministro de Trabajo, Ernesto Murro, el pr\u00f3ximo jueves 10 de setiembre, a las 13 horas, se realizar\u00e1 el acto de inauguraci\u00f3n del stand del Instituto Nacional del Cooperativismo en la EXPO PRADO  2015.<\/p>\n<p>Como en a\u00f1os anteriores, el espacio ser\u00e1 compartido por un nutrido grupo de cooperativas que ofrecer\u00e1n sus productos y servicios.<\/p>\n<p>El Presidente del INACOOP, Gustavo Bernini, estar\u00e1 a disposici\u00f3n para entrevistas.<\/p>\n<p>Los esperamos!<\/p>\n","protected":false},"excerpt":{"rendered":"<p>Con la participaci\u00f3n del Ministro de Trabajo, Ernesto Murro, el pr\u00f3ximo jueves 10 de setiembre, a las 13 horas, se realizar\u00e1 el acto de inauguraci\u00f3n del stand del Instituto Nacional del Cooperativismo en la EXPO PRADO  2015.<\/p>\n","protected":false},"author":1,"featured_media":1677,"comment_status":"closed","ping_status":"Open","sticky":false,"template":"","format":"standard","meta":{"_acf_changed":false,"ngg_post_thumbnail":0,"footnotes":""},"categories":[6],"tags":[],"class_list":["post-1394","post","type-post","status-publish","format-standard","has-post-thumbnail","hentry","category-institucionales"],"acf":[],"_links":{"self":[{"href":"http:\/\/www.cudecoop.coop\/cudecoop\/wp-json\/wp\/v2\/posts\/1394","targetHints":{"allow":["GET"]}}],"collection":[{"href":"http:\/\/www.cudecoop.coop\/cudecoop\/wp-json\/wp\/v2\/posts"}],"about":[{"href":"http:\/\/www.cudecoop.coop\/cudecoop\/wp-json\/wp\/v2\/types\/post"}],"author":[{"embeddable":true,"href":"http:\/\/www.cudecoop.coop\/cudecoop\/wp-json\/wp\/v2\/users\/1"}],"replies":[{"embeddable":true,"href":"http:\/\/www.cudecoop.coop\/cudecoop\/wp-json\/wp\/v2\/comments?post=1394"}],"version-history":[{"count":0,"href":"http:\/\/www.cudecoop.coop\/cudecoop\/wp-json\/wp\/v2\/posts\/1394\/revisions"}],"wp:featuredmedia":[{"embeddable":true,"href":"http:\/\/www.cudecoop.coop\/cudecoop\/wp-json\/wp\/v2\/media\/1677"}],"wp:attachment":[{"href":"http:\/\/www.cudecoop.coop\/cudecoop\/wp-json\/wp\/v2\/media?parent=1394"}],"wp:term":[{"taxonomy":"category","embeddable":true,"href":"http:\/\/www.cudecoop.coop\/cudecoop\/wp-json\/wp\/v2\/categories?post=1394"},{"taxonomy":"post_tag","embeddable":true,"href":"http:\/\/www.cudecoop.coop\/cudecoop\/wp-json\/wp\/v2\/tags?post=1394"}],"curies":[{"name":"wp","href":"https:\/\/api.w.org\/{rel}","templated":true}]}}