{"id":1392,"date":"2015-09-08T17:09:00","date_gmt":"2015-09-08T17:09:00","guid":{"rendered":"http:\/\/www.cudecoop.coop\/cudecoop\/?p=1392"},"modified":"2015-09-08T17:09:00","modified_gmt":"2015-09-08T17:09:00","slug":"tertulias-cooperativas","status":"publish","type":"post","link":"http:\/\/www.cudecoop.coop\/cudecoop\/tertulias-cooperativas\/","title":{"rendered":"Tertulias Cooperativas"},"content":{"rendered":"<p>A partir de la iniciativa de FUCC (Federaci\u00f3n Uruguaya de Cooperativas de Consumo), el viernes 4 de setiembre en la Sede de Cooperativa CUTE ANTEL, se realiz\u00f3 la primera de las Tertulias Cooperativas del mes de setiembre. Participaron de la primera Tertulia autoridades como el Presidente del Instituto Nacional del Cooperativismo, Sr. Gustavo Bernini, la Dra. Graciela Fern\u00e1ndez, Presidenta de CUDECOOP, integrantes del Comit\u00e9 Ejecutivo de CUDECOOP, dirigentes de  FUCC y dirigentes y funcionarios de organizaciones cooperativas de las modalidades de Consumo, Producci\u00f3n, Ahorro y Cr\u00e9dito, Vivienda e invitados especiales.<\/p>\n<p>En la misma se abord\u00f3 el tema <b> \u009dFideicomiso, una herramienta para utilizar<\/b>\u009d, el Cr. Oscar Cabrera realiz\u00f3 una exposici\u00f3n sobre el tema y luego los asistentes realizaron distintas consideraciones sobre los alcances del instrumento y la aplicaci\u00f3n a iniciativas de intercooperaci\u00f3n.<\/p>\n<p>FUCC considera necesaria la instalaci\u00f3n de las \u009dTertulias Cooperativas\u009d debido a la importancia que tiene generar el espacio para el debate cooperativo en pos del desarrollo sostenible para el sector. Con el apoyo del Movimiento Cooperativo y del INACOOP el debate para crecer juntos con una mirada de largo alcance se hace posible. Un di\u00e1logo clave para el movimiento, un \u00e1mbito para construir las alianzas y los v\u00ednculos necesarios para responder al escenario institucional. Entonces as\u00ed se genera un espacio para la consolidaci\u00f3n de la Econom\u00eda Social y de los proyectos cooperativos con ideas innovadoras, solidarias y participativas.<\/p>\n<p>La pr\u00f3xima \u009dTertulia Cooperativa\u009d se realizar\u00e1 el <b>23 de setiembre de 2015, a las 19 horas en COMAG<\/b> y tratar\u00e1 el \u009dActo Cooperativo\u009d ser\u00e1 disertante el Director Ejecutivo del INACOOP, Esc. Danilo Guti\u00e9rrez.<\/p>\n","protected":false},"excerpt":{"rendered":"<p>A partir de la iniciativa de FUCC (Federaci\u00f3n Uruguaya de Cooperativas de Consumo), el viernes 4 de setiembre en la Sede de Cooperativa CUTE ANTEL, se realiz\u00f3 la primera de las Tertulias Cooperativas del mes de setiembre. Participaron de la primera Tertulia autoridades como el Presidente del Instituto Nacional del Cooperativismo, Sr. Gustavo Bernini, la Dra. Graciela Fern\u00e1ndez, Presidenta de CUDECOOP, integrantes del Comit\u00e9 Ejecutivo de CUDECOOP, dirigentes de  FUCC y dirigentes y funcionarios de organizaciones cooperativas de las modalidades de Consumo, Producci\u00f3n, Ahorro y Cr\u00e9dito, Vivienda e invitados especiales.<\/p>\n","protected":false},"author":1,"featured_media":1674,"comment_status":"closed","ping_status":"Open","sticky":false,"template":"","format":"standard","meta":{"_acf_changed":false,"ngg_post_thumbnail":0,"footnotes":""},"categories":[6],"tags":[],"class_list":["post-1392","post","type-post","status-publish","format-standard","has-post-thumbnail","hentry","category-institucionales"],"acf":[],"_links":{"self":[{"href":"http:\/\/www.cudecoop.coop\/cudecoop\/wp-json\/wp\/v2\/posts\/1392","targetHints":{"allow":["GET"]}}],"collection":[{"href":"http:\/\/www.cudecoop.coop\/cudecoop\/wp-json\/wp\/v2\/posts"}],"about":[{"href":"http:\/\/www.cudecoop.coop\/cudecoop\/wp-json\/wp\/v2\/types\/post"}],"author":[{"embeddable":true,"href":"http:\/\/www.cudecoop.coop\/cudecoop\/wp-json\/wp\/v2\/users\/1"}],"replies":[{"embeddable":true,"href":"http:\/\/www.cudecoop.coop\/cudecoop\/wp-json\/wp\/v2\/comments?post=1392"}],"version-history":[{"count":0,"href":"http:\/\/www.cudecoop.coop\/cudecoop\/wp-json\/wp\/v2\/posts\/1392\/revisions"}],"wp:featuredmedia":[{"embeddable":true,"href":"http:\/\/www.cudecoop.coop\/cudecoop\/wp-json\/wp\/v2\/media\/1674"}],"wp:attachment":[{"href":"http:\/\/www.cudecoop.coop\/cudecoop\/wp-json\/wp\/v2\/media?parent=1392"}],"wp:term":[{"taxonomy":"category","embeddable":true,"href":"http:\/\/www.cudecoop.coop\/cudecoop\/wp-json\/wp\/v2\/categories?post=1392"},{"taxonomy":"post_tag","embeddable":true,"href":"http:\/\/www.cudecoop.coop\/cudecoop\/wp-json\/wp\/v2\/tags?post=1392"}],"curies":[{"name":"wp","href":"https:\/\/api.w.org\/{rel}","templated":true}]}}