{"id":1390,"date":"2015-08-14T15:15:00","date_gmt":"2015-08-14T15:15:00","guid":{"rendered":"http:\/\/www.cudecoop.coop\/cudecoop\/?p=1390"},"modified":"2015-08-14T15:15:00","modified_gmt":"2015-08-14T15:15:00","slug":"cronograma-del-foro-cooperativo-maldonado-2015","status":"publish","type":"post","link":"http:\/\/www.cudecoop.coop\/cudecoop\/cronograma-del-foro-cooperativo-maldonado-2015\/","title":{"rendered":"Cronograma del FORO COOPERATIVO MALDONADO 2015"},"content":{"rendered":"<p>Cronograma<\/p>\n<p>Compartimos el cronograma del FORO COOPERATIVO MALDONADO 2015 que se realizar\u00e1 el pr\u00f3ximo mi\u00e9rcoles 19 de agosto<\/p>\n","protected":false},"excerpt":{"rendered":"<p>Cronograma<\/p>\n","protected":false},"author":1,"featured_media":1665,"comment_status":"closed","ping_status":"Open","sticky":false,"template":"","format":"standard","meta":{"_acf_changed":false,"ngg_post_thumbnail":0,"footnotes":""},"categories":[6],"tags":[],"class_list":["post-1390","post","type-post","status-publish","format-standard","has-post-thumbnail","hentry","category-institucionales"],"acf":[],"_links":{"self":[{"href":"http:\/\/www.cudecoop.coop\/cudecoop\/wp-json\/wp\/v2\/posts\/1390","targetHints":{"allow":["GET"]}}],"collection":[{"href":"http:\/\/www.cudecoop.coop\/cudecoop\/wp-json\/wp\/v2\/posts"}],"about":[{"href":"http:\/\/www.cudecoop.coop\/cudecoop\/wp-json\/wp\/v2\/types\/post"}],"author":[{"embeddable":true,"href":"http:\/\/www.cudecoop.coop\/cudecoop\/wp-json\/wp\/v2\/users\/1"}],"replies":[{"embeddable":true,"href":"http:\/\/www.cudecoop.coop\/cudecoop\/wp-json\/wp\/v2\/comments?post=1390"}],"version-history":[{"count":0,"href":"http:\/\/www.cudecoop.coop\/cudecoop\/wp-json\/wp\/v2\/posts\/1390\/revisions"}],"wp:featuredmedia":[{"embeddable":true,"href":"http:\/\/www.cudecoop.coop\/cudecoop\/wp-json\/wp\/v2\/media\/1665"}],"wp:attachment":[{"href":"http:\/\/www.cudecoop.coop\/cudecoop\/wp-json\/wp\/v2\/media?parent=1390"}],"wp:term":[{"taxonomy":"category","embeddable":true,"href":"http:\/\/www.cudecoop.coop\/cudecoop\/wp-json\/wp\/v2\/categories?post=1390"},{"taxonomy":"post_tag","embeddable":true,"href":"http:\/\/www.cudecoop.coop\/cudecoop\/wp-json\/wp\/v2\/tags?post=1390"}],"curies":[{"name":"wp","href":"https:\/\/api.w.org\/{rel}","templated":true}]}}