{"id":1388,"date":"2015-08-04T17:57:00","date_gmt":"2015-08-04T17:57:00","guid":{"rendered":"http:\/\/www.cudecoop.coop\/cudecoop\/?p=1388"},"modified":"2015-08-04T17:57:00","modified_gmt":"2015-08-04T17:57:00","slug":"invitacion-foro-cooperativo-maldonado-2015","status":"publish","type":"post","link":"http:\/\/www.cudecoop.coop\/cudecoop\/invitacion-foro-cooperativo-maldonado-2015\/","title":{"rendered":"INVITACI\u00d3N: FORO COOPERATIVO MALDONADO 2015"},"content":{"rendered":"<p>DESAF\u00cdOS PARA EL DESARROLLO<\/p>\n<p>DIFUNDIMOS INFORMACI\u00d3N RECIBIDA<\/p>\n<p>En el marco del conjunto de actividades previstas para el 2015, con motivo del nombramiento de Maldonado como Capital Nacional del Cooperativismo, tenemos el agrado de invitarlos al FORO COOPERATIVO MALDONADO 2015, DESAF\u00cdOS PARA EL DESARROLLO en el que disertar\u00e1n importantes figuras de la pol\u00edtica departamental y nacional, as\u00ed como destacados dirigentes del movimiento Cooperativista a nivel nacional e internacional.<\/p>\n<p>MI\u00c9RCOLES 19 DE AGOSTO<br \/>\nHora: 9.00<\/p>\n<p>HOTEL JEAN CLEVERS<br \/>\nBvr. Artigas. Pda. 7, Punta del Este<\/p>\n<p>Confirmar asistencia a: forocooperativo2015@gmail.com<\/p>\n","protected":false},"excerpt":{"rendered":"<p>DESAF\u00cdOS PARA EL DESARROLLO<\/p>\n<p>DIFUNDIMOS INFORMACI\u00d3N RECIBIDA<\/p>\n","protected":false},"author":1,"featured_media":1661,"comment_status":"closed","ping_status":"Open","sticky":false,"template":"","format":"standard","meta":{"_acf_changed":false,"ngg_post_thumbnail":0,"footnotes":""},"categories":[6],"tags":[],"class_list":["post-1388","post","type-post","status-publish","format-standard","has-post-thumbnail","hentry","category-institucionales"],"acf":[],"_links":{"self":[{"href":"http:\/\/www.cudecoop.coop\/cudecoop\/wp-json\/wp\/v2\/posts\/1388","targetHints":{"allow":["GET"]}}],"collection":[{"href":"http:\/\/www.cudecoop.coop\/cudecoop\/wp-json\/wp\/v2\/posts"}],"about":[{"href":"http:\/\/www.cudecoop.coop\/cudecoop\/wp-json\/wp\/v2\/types\/post"}],"author":[{"embeddable":true,"href":"http:\/\/www.cudecoop.coop\/cudecoop\/wp-json\/wp\/v2\/users\/1"}],"replies":[{"embeddable":true,"href":"http:\/\/www.cudecoop.coop\/cudecoop\/wp-json\/wp\/v2\/comments?post=1388"}],"version-history":[{"count":0,"href":"http:\/\/www.cudecoop.coop\/cudecoop\/wp-json\/wp\/v2\/posts\/1388\/revisions"}],"wp:featuredmedia":[{"embeddable":true,"href":"http:\/\/www.cudecoop.coop\/cudecoop\/wp-json\/wp\/v2\/media\/1661"}],"wp:attachment":[{"href":"http:\/\/www.cudecoop.coop\/cudecoop\/wp-json\/wp\/v2\/media?parent=1388"}],"wp:term":[{"taxonomy":"category","embeddable":true,"href":"http:\/\/www.cudecoop.coop\/cudecoop\/wp-json\/wp\/v2\/categories?post=1388"},{"taxonomy":"post_tag","embeddable":true,"href":"http:\/\/www.cudecoop.coop\/cudecoop\/wp-json\/wp\/v2\/tags?post=1388"}],"curies":[{"name":"wp","href":"https:\/\/api.w.org\/{rel}","templated":true}]}}