{"id":1386,"date":"2015-07-21T20:12:00","date_gmt":"2015-07-21T20:12:00","guid":{"rendered":"http:\/\/www.cudecoop.coop\/cudecoop\/?p=1386"},"modified":"2015-07-21T20:12:00","modified_gmt":"2015-07-21T20:12:00","slug":"cooperativas-agrarias-definieron-estrategias-para-enfrentar-coyuntura-desfavorable-del-sector","status":"publish","type":"post","link":"http:\/\/www.cudecoop.coop\/cudecoop\/cooperativas-agrarias-definieron-estrategias-para-enfrentar-coyuntura-desfavorable-del-sector\/","title":{"rendered":"Cooperativas Agrarias definieron estrategias para enfrentar coyuntura desfavorable del sector"},"content":{"rendered":"<p>Difundimos informaci\u00f3n recibida de CAF (Cooperativas Agrarias Federadas)<\/p>\n<p>Montevideo, 16 de julio de 2015<\/p>\n<p>El negocio agropecuario ha experimentado una d\u00e9cada de precios favorables y crecientes que permitieron la consolidaci\u00f3n financiera y el crecimiento de las cooperativas agrarias dentro de un sector pujante. Sin embargo, la ca\u00edda de precios de algunos productos agr\u00edcolas en el \u00faltimo a\u00f1o, los altos costos de producci\u00f3n, los problemas asociados al clima, el enlentecimiento en los mercados, entre otros, determinan un cambio relevante en el resultado tanto para las cooperativas agrarias como para sus productores socios.<\/p>\n<p>En este contexto, CAF junto a IICA desarrollaron el Taller titulado \u009d\u00bfC\u00f3mo enfrentan las cooperativas agrarias los riesgos asociados a la coyuntura del agronegocio en Uruguay?. Generando el perfil de acci\u00f3n. El mismo tuvo lugar el 15 de julio, en el Edificio MERCOSUR y cont\u00f3 con la participaci\u00f3n de m\u00e1s de 40 directivos, gerentes y t\u00e9cnicos de las cooperativas asociadas a CAF proveniente de todo el pa\u00eds.<\/p>\n<p>En el cierre del Taller, el presidente de CAF, Juan Daniel Vago, reflexion\u00f3 sobre la importancia del cooperativismo agrario en el sector para enfrentar los riesgos \u009dante un escenario complejo como el que identificamos el d\u00eda de hoy, la ca\u00edda de precios, los nueve departamentos en emergencia agropecuaria, la heterogeneidad de las cadenas de valor, tenemos que aggiornarnos en lo que est\u00e1 pasando en el mundo hoy\u009d. El presidente de CAF agreg\u00f3 \u009ddebo recordarles tambi\u00e9n un mensaje que venimos transmitiendo, que es la importancia de las cooperativas agrarias en un mundo que cada vez demandar\u00e1 mayor cantidad de alimento, el lugar que ocupan las cooperativas a diferencia de las empresas multinacionales es para seguir destacando ya que no solo diferimos en nuestros valores sino tambi\u00e9n porque estamos en todo el pa\u00eds, somos multirubro, estamos consolidadas, todo esto en un escenario desfavorable, lo debemos aprovechar\u009d.<\/p>\n<p>Record\u00f3 tambi\u00e9n el apoyo pol\u00edtico que han recibido las cooperativas agrarias desde el gobierno \u009del sector cooperativo ha recibido muestras de apoyo pol\u00edtico y reconocimiento que debemos aprovechar, lo que sucedi\u00f3 con las empresas multinacionales l\u00e1cteas y el papel de las cooperativas agrarias consolidadas lo demuestra\u009d. \u009dPor eso, en el marco del cierre de este taller, creo que el riesgo m\u00e1s importante que visualizo es el no bajar el nivel de actividad. Nos consolidamos, saneamos deudas. Nuestra propuesta como lo dijeron las cooperativas presentes, es ir al ataque, no bajar la actividad a pesar de la baja de precios\u009d.<\/p>\n<p>Y finaliz\u00f3 \u009dEste taller nos llam\u00f3 a formarnos, pero especialmente a trabajar en base a un relacionamiento horizontal, ganar confianza, socializar y trabajar juntos para pensar actividades y estrategias, formas de comercializar y hacer negocios entre cooperativas, con el apoyo de CAF\u009d.<\/p>\n<p>El taller inici\u00f3 con un Panel de cooperativas que expusieron las consecuencias en su entidad de la actual coyuntura del sector. Luego el especialista internacional en agronegocios de IICA Marcelo N\u00fa\u00f1ez, nivel\u00f3 informaci\u00f3n sobre la definici\u00f3n de gesti\u00f3n del riesgo, la importancia de la gesti\u00f3n del riesgo en los agronegocios, la gesti\u00f3n del riesgo y la cadena agroproductiva as\u00ed como estrategias para la gesti\u00f3n de los riesgos agroempresariales.<\/p>\n<p>CAF junto a sus cooperativas agrarias asociadas enfrentan esta situaci\u00f3n con estrategias y acciones definidas en conjunto, aprovechando la sinergia y potencial de la red que conforman en el sector. <\/p>\n<p>Ver Galer\u00eda de Fotos <a href=https:\/\/www.facebook.com\/media\/set\/?set=a.1222338164459117.1073741888.634277783265161&#038;type=3>aqu\u00ed<\/a><\/p>\n","protected":false},"excerpt":{"rendered":"<p>Difundimos informaci\u00f3n recibida de CAF (Cooperativas Agrarias Federadas)<\/p>\n<p>Montevideo, 16 de julio de 2015<\/p>\n","protected":false},"author":1,"featured_media":1658,"comment_status":"closed","ping_status":"Open","sticky":false,"template":"","format":"standard","meta":{"_acf_changed":false,"ngg_post_thumbnail":0,"footnotes":""},"categories":[6],"tags":[],"class_list":["post-1386","post","type-post","status-publish","format-standard","has-post-thumbnail","hentry","category-institucionales"],"acf":[],"_links":{"self":[{"href":"http:\/\/www.cudecoop.coop\/cudecoop\/wp-json\/wp\/v2\/posts\/1386","targetHints":{"allow":["GET"]}}],"collection":[{"href":"http:\/\/www.cudecoop.coop\/cudecoop\/wp-json\/wp\/v2\/posts"}],"about":[{"href":"http:\/\/www.cudecoop.coop\/cudecoop\/wp-json\/wp\/v2\/types\/post"}],"author":[{"embeddable":true,"href":"http:\/\/www.cudecoop.coop\/cudecoop\/wp-json\/wp\/v2\/users\/1"}],"replies":[{"embeddable":true,"href":"http:\/\/www.cudecoop.coop\/cudecoop\/wp-json\/wp\/v2\/comments?post=1386"}],"version-history":[{"count":0,"href":"http:\/\/www.cudecoop.coop\/cudecoop\/wp-json\/wp\/v2\/posts\/1386\/revisions"}],"wp:featuredmedia":[{"embeddable":true,"href":"http:\/\/www.cudecoop.coop\/cudecoop\/wp-json\/wp\/v2\/media\/1658"}],"wp:attachment":[{"href":"http:\/\/www.cudecoop.coop\/cudecoop\/wp-json\/wp\/v2\/media?parent=1386"}],"wp:term":[{"taxonomy":"category","embeddable":true,"href":"http:\/\/www.cudecoop.coop\/cudecoop\/wp-json\/wp\/v2\/categories?post=1386"},{"taxonomy":"post_tag","embeddable":true,"href":"http:\/\/www.cudecoop.coop\/cudecoop\/wp-json\/wp\/v2\/tags?post=1386"}],"curies":[{"name":"wp","href":"https:\/\/api.w.org\/{rel}","templated":true}]}}