{"id":1384,"date":"2015-06-25T17:29:00","date_gmt":"2015-06-25T17:29:00","guid":{"rendered":"http:\/\/www.cudecoop.coop\/cudecoop\/?p=1384"},"modified":"2015-06-25T17:29:00","modified_gmt":"2015-06-25T17:29:00","slug":"exposicion-de-resultados-mapeo-del-sector-cooperativo-en-uruguay","status":"publish","type":"post","link":"http:\/\/www.cudecoop.coop\/cudecoop\/exposicion-de-resultados-mapeo-del-sector-cooperativo-en-uruguay\/","title":{"rendered":"Exposici\u00f3n de resultados: Mapeo del sector cooperativo en Uruguay"},"content":{"rendered":"<p>El ministerio de Industria, Energ\u00eda y Mener\u00eda (MIEM) invita a la exposici\u00f3n de resultados del Mapeo del sector cooperativo en Uruguay. Para la presentaci\u00f3n se realizar\u00e1 un desayuno que contar\u00e1 con la presencia de la ministra de Industria, Energ\u00eda y Miner\u00eda, Ing. Carolina Cosse.<\/p>\n<p>La actividad est\u00e1 comprendida dentro del proyecto de Identificaci\u00f3n y Promoci\u00f3n en Sectores Estrat\u00e9gicos de Emprendimientos de Econom\u00eda Social que lleva adelante el MIEM junto al Instituto Nacional del Cooperativismo (INACOOP) y la Confederaci\u00f3n Uruguaya de Entidades Cooperativas (CUDECOOP)<\/p>\n<p>Esperamos contar con su presencia.<\/p>\n<p><b>Fecha:<\/b> Viernes 26 de junio, hora 10:00<br \/>\n<b>Lugar:<\/b> Torre de las Telecomunicaciones, Sala Idea Vilari\u00f1o (Guatemala esquina Paraguay)<\/p>\n","protected":false},"excerpt":{"rendered":"<p>El ministerio de Industria, Energ\u00eda y Mener\u00eda (MIEM) invita a la exposici\u00f3n de resultados del Mapeo del sector cooperativo en Uruguay. Para la presentaci\u00f3n se realizar\u00e1 un desayuno que contar\u00e1 con la presencia de la ministra de Industria, Energ\u00eda y Miner\u00eda, Ing. Carolina Cosse.<\/p>\n","protected":false},"author":1,"featured_media":1653,"comment_status":"closed","ping_status":"Open","sticky":false,"template":"","format":"standard","meta":{"_acf_changed":false,"ngg_post_thumbnail":0,"footnotes":""},"categories":[6],"tags":[],"class_list":["post-1384","post","type-post","status-publish","format-standard","has-post-thumbnail","hentry","category-institucionales"],"acf":[],"_links":{"self":[{"href":"http:\/\/www.cudecoop.coop\/cudecoop\/wp-json\/wp\/v2\/posts\/1384","targetHints":{"allow":["GET"]}}],"collection":[{"href":"http:\/\/www.cudecoop.coop\/cudecoop\/wp-json\/wp\/v2\/posts"}],"about":[{"href":"http:\/\/www.cudecoop.coop\/cudecoop\/wp-json\/wp\/v2\/types\/post"}],"author":[{"embeddable":true,"href":"http:\/\/www.cudecoop.coop\/cudecoop\/wp-json\/wp\/v2\/users\/1"}],"replies":[{"embeddable":true,"href":"http:\/\/www.cudecoop.coop\/cudecoop\/wp-json\/wp\/v2\/comments?post=1384"}],"version-history":[{"count":0,"href":"http:\/\/www.cudecoop.coop\/cudecoop\/wp-json\/wp\/v2\/posts\/1384\/revisions"}],"wp:featuredmedia":[{"embeddable":true,"href":"http:\/\/www.cudecoop.coop\/cudecoop\/wp-json\/wp\/v2\/media\/1653"}],"wp:attachment":[{"href":"http:\/\/www.cudecoop.coop\/cudecoop\/wp-json\/wp\/v2\/media?parent=1384"}],"wp:term":[{"taxonomy":"category","embeddable":true,"href":"http:\/\/www.cudecoop.coop\/cudecoop\/wp-json\/wp\/v2\/categories?post=1384"},{"taxonomy":"post_tag","embeddable":true,"href":"http:\/\/www.cudecoop.coop\/cudecoop\/wp-json\/wp\/v2\/tags?post=1384"}],"curies":[{"name":"wp","href":"https:\/\/api.w.org\/{rel}","templated":true}]}}