{"id":1383,"date":"2015-06-22T17:11:00","date_gmt":"2015-06-22T17:11:00","guid":{"rendered":"http:\/\/www.cudecoop.coop\/cudecoop\/?p=1383"},"modified":"2015-06-22T17:11:00","modified_gmt":"2015-06-22T17:11:00","slug":"conferencia-regional-de-cooperativas-de-las-americas","status":"publish","type":"post","link":"http:\/\/www.cudecoop.coop\/cudecoop\/conferencia-regional-de-cooperativas-de-las-americas\/","title":{"rendered":"CONFERENCIA REGIONAL DE COOPERATIVAS DE LAS AM\u00c9RICAS"},"content":{"rendered":"<p>Cerrando brechas hacia la visi\u00f3n 2020<\/p>\n<p>Del 14 al 18 de setiembre de este a\u00f1o, se estar\u00e1 desarrollando en la Ciudad de Panam\u00e1, la XIX Conferencia Regional de Cooperativas de las Am\u00e9ricas que se vestir\u00e1 con el slogan \u201cCerrando Brechas hacia la visi\u00f3n 2020\u201d. El evento es co-organizado con la Confederaci\u00f3n Latinoamericana de Cooperativas de Ahorro y Cr\u00e9dito (COLAC).<\/p>\n<p>El a\u00f1o 2015 marca la mitad de la &#8220;D\u00e9cada Cooperativa&#8221; por lo que esta nueva edici\u00f3n de la Conferencia Regional de Cooperativas de las Am\u00e9ricas ser\u00e1 un momento propicio para realizar un balance y una reflexi\u00f3n conjunta sobre los avances obtenidos por las cooperativas de la regi\u00f3n y los obst\u00e1culos que se han encontrado en la implementaci\u00f3n de la Visi\u00f3n 2020. Adem\u00e1s, se sistematizar\u00e1n las lecciones aprendidas hasta el momento para sacar conclusiones y orientar las estrategias para que el movimiento cooperativo contribuya al logro propuesto por la Alianza Cooperativa Internacional. <\/p>\n<p>Los objetivos fijados para el evento son los siguientes:<\/p>\n<p>&#8211;> Analizar las principales dificultades que se enfrentan en la regi\u00f3n para el cumplimiento de los objetivos de participaci\u00f3n, sostenibilidad, identidad, marcos jur\u00eddicos y capital y proponer estrategias de soluci\u00f3n.<\/p>\n<p>&#8211;> Compartir experiencias exitosas que demuestren que el cooperativismo es el mejor modelo empresarial para hacer frente a los desaf\u00edos econ\u00f3micos, pol\u00edticos, sociales y ambientales que enfrentan las sociedades de la regi\u00f3n de las Am\u00e9ricas.<\/p>\n<p>&#8211;> Estimular el debate de ideas y propuestas para generar las condiciones hacia una efectiva coordinaci\u00f3n, intercambio y acci\u00f3n conjunta entre las cooperativas de las Am\u00e9ricas, que permitan consolidar su modelo empresarial para el a\u00f1o 2020.<\/p>\n<p>Como es tradicional, la Conferencia Regional ser\u00e1 el mayor evento cooperativo anual en la regi\u00f3n de las Am\u00e9ricas y servir\u00e1 como un momento de encuentro entre los representantes de las cooperativas de las Am\u00e9ricas, al que se sumar\u00e1n diversos sectores de la sociedad civil (ONGs y otras organizaciones de la econom\u00eda solidaria), los organismos gubernamentales nacionales encargados de la promoci\u00f3n del desarrollo y el control de las cooperativas, otros funcionarios gubernamentales y legisladores, as\u00ed como representantes de la academia y de organismos internacionales. <\/p>\n<p>Ya es posible formalizar la inscripci\u00f3n en l\u00ednea en http:\/\/www.aciamericas.coop\/conferencia2015 <\/p>\n<p>Fuente: ACI AM\u00c9RICAS<\/p>\n","protected":false},"excerpt":{"rendered":"<p>Cerrando brechas hacia la visi\u00f3n 2020<\/p>\n<p>Del 14 al 18 de setiembre de este a\u00f1o, se estar\u00e1 desarrollando en la Ciudad de Panam\u00e1, la XIX Conferencia Regional de Cooperativas de las Am\u00e9ricas que se vestir\u00e1 con el slogan \u201cCerrando Brechas hacia la visi\u00f3n 2020\u201d. El evento es co-organizado con la Confederaci\u00f3n Latinoamericana de Cooperativas de Ahorro y Cr\u00e9dito (COLAC).<\/p>\n","protected":false},"author":1,"featured_media":1651,"comment_status":"closed","ping_status":"Open","sticky":false,"template":"","format":"standard","meta":{"_acf_changed":false,"ngg_post_thumbnail":0,"footnotes":""},"categories":[6],"tags":[],"class_list":["post-1383","post","type-post","status-publish","format-standard","has-post-thumbnail","hentry","category-institucionales"],"acf":[],"_links":{"self":[{"href":"http:\/\/www.cudecoop.coop\/cudecoop\/wp-json\/wp\/v2\/posts\/1383","targetHints":{"allow":["GET"]}}],"collection":[{"href":"http:\/\/www.cudecoop.coop\/cudecoop\/wp-json\/wp\/v2\/posts"}],"about":[{"href":"http:\/\/www.cudecoop.coop\/cudecoop\/wp-json\/wp\/v2\/types\/post"}],"author":[{"embeddable":true,"href":"http:\/\/www.cudecoop.coop\/cudecoop\/wp-json\/wp\/v2\/users\/1"}],"replies":[{"embeddable":true,"href":"http:\/\/www.cudecoop.coop\/cudecoop\/wp-json\/wp\/v2\/comments?post=1383"}],"version-history":[{"count":0,"href":"http:\/\/www.cudecoop.coop\/cudecoop\/wp-json\/wp\/v2\/posts\/1383\/revisions"}],"wp:featuredmedia":[{"embeddable":true,"href":"http:\/\/www.cudecoop.coop\/cudecoop\/wp-json\/wp\/v2\/media\/1651"}],"wp:attachment":[{"href":"http:\/\/www.cudecoop.coop\/cudecoop\/wp-json\/wp\/v2\/media?parent=1383"}],"wp:term":[{"taxonomy":"category","embeddable":true,"href":"http:\/\/www.cudecoop.coop\/cudecoop\/wp-json\/wp\/v2\/categories?post=1383"},{"taxonomy":"post_tag","embeddable":true,"href":"http:\/\/www.cudecoop.coop\/cudecoop\/wp-json\/wp\/v2\/tags?post=1383"}],"curies":[{"name":"wp","href":"https:\/\/api.w.org\/{rel}","templated":true}]}}