{"id":1380,"date":"2015-06-09T20:21:00","date_gmt":"2015-06-09T20:21:00","guid":{"rendered":"http:\/\/www.cudecoop.coop\/cudecoop\/?p=1380"},"modified":"2015-06-09T20:21:00","modified_gmt":"2015-06-09T20:21:00","slug":"cudecoop-saluda-a-cuteantel-en-95-aniversario","status":"publish","type":"post","link":"http:\/\/www.cudecoop.coop\/cudecoop\/cudecoop-saluda-a-cuteantel-en-95-aniversario\/","title":{"rendered":"Cudecoop saluda a Cuteantel en 95 Aniversario"},"content":{"rendered":"<p>El d\u00eda 8 de junio, Cuteantel celebr\u00f3 su cumplea\u00f1os n\u00famero 95 y representantes de Cudecoop estuvieron presentes para celebrarlo.<\/p>\n<p>Es conocida la trayectoria de Cuetantel en nuestra sociedad, la cual es pionera del cooperativismo uruguayo, y a\u00fan sigue transitando dicha senda y atendiendo las necesidades de sus asociados.<\/p>\n","protected":false},"excerpt":{"rendered":"<p>El d\u00eda 8 de junio, Cuteantel celebr\u00f3 su cumplea\u00f1os n\u00famero 95 y representantes de Cudecoop estuvieron presentes para celebrarlo.<\/p>\n","protected":false},"author":1,"featured_media":0,"comment_status":"closed","ping_status":"Open","sticky":false,"template":"","format":"standard","meta":{"_acf_changed":false,"ngg_post_thumbnail":0,"footnotes":""},"categories":[6],"tags":[],"class_list":["post-1380","post","type-post","status-publish","format-standard","hentry","category-institucionales"],"acf":[],"_links":{"self":[{"href":"http:\/\/www.cudecoop.coop\/cudecoop\/wp-json\/wp\/v2\/posts\/1380","targetHints":{"allow":["GET"]}}],"collection":[{"href":"http:\/\/www.cudecoop.coop\/cudecoop\/wp-json\/wp\/v2\/posts"}],"about":[{"href":"http:\/\/www.cudecoop.coop\/cudecoop\/wp-json\/wp\/v2\/types\/post"}],"author":[{"embeddable":true,"href":"http:\/\/www.cudecoop.coop\/cudecoop\/wp-json\/wp\/v2\/users\/1"}],"replies":[{"embeddable":true,"href":"http:\/\/www.cudecoop.coop\/cudecoop\/wp-json\/wp\/v2\/comments?post=1380"}],"version-history":[{"count":0,"href":"http:\/\/www.cudecoop.coop\/cudecoop\/wp-json\/wp\/v2\/posts\/1380\/revisions"}],"wp:attachment":[{"href":"http:\/\/www.cudecoop.coop\/cudecoop\/wp-json\/wp\/v2\/media?parent=1380"}],"wp:term":[{"taxonomy":"category","embeddable":true,"href":"http:\/\/www.cudecoop.coop\/cudecoop\/wp-json\/wp\/v2\/categories?post=1380"},{"taxonomy":"post_tag","embeddable":true,"href":"http:\/\/www.cudecoop.coop\/cudecoop\/wp-json\/wp\/v2\/tags?post=1380"}],"curies":[{"name":"wp","href":"https:\/\/api.w.org\/{rel}","templated":true}]}}