{"id":1378,"date":"2015-05-20T17:11:00","date_gmt":"2015-05-20T17:11:00","guid":{"rendered":"http:\/\/www.cudecoop.coop\/cudecoop\/?p=1378"},"modified":"2015-05-20T17:11:00","modified_gmt":"2015-05-20T17:11:00","slug":"competitividad-caf-mostro-importancia-del-sector-al-presidente-vazquez","status":"publish","type":"post","link":"http:\/\/www.cudecoop.coop\/cudecoop\/competitividad-caf-mostro-importancia-del-sector-al-presidente-vazquez\/","title":{"rendered":"Competitividad CAF mostr\u00f3 importancia del sector al presidente V\u00e1zquez"},"content":{"rendered":"<p>El Pa\u00eds &#8211; 20 de mayo, 2015.<br \/>\nLejos de plantearle temas de agenda al presidente Tabar\u00e9 V\u00e1zquez, Cooperativas Agrarias Federadas (CAF) le reiter\u00f3 al mandatario la importancia del sector agropecuario y la necesidad de contar con un movimiento cooperativo agropecuario consolidado que agregue valor a los productos de exportaci\u00f3n.<\/p>\n<p>La gremial estuvo representada en el encuentro con el primer mandatario por su presidente, Juan Daniel Vago y la vicepresidenta, Virginia San Mart\u00edn, mientras que a V\u00e1zquez lo acompa\u00f1\u00f3 el Canciller Rodolfo Nin Novoa. &#8220;No concurrimos con temas de agenda, para eso tenemos los distintos ministerios con los que tenemos muy buen relacionamiento&#8221;, aclar\u00f3 a El Pa\u00eds el presidente de CAF.<\/p>\n<p>Vago dijo que se le plante\u00f3 al presidente V\u00e1zquez &#8220;la importancia del cooperativismo agropecuario&#8221; y se le habl\u00f3 del &#8220;cooperativismo agrario consolidado. Son las cooperativas agrarias que son empresas, que tienen una capacidad m\u00ednima de gesti\u00f3n, con un gerente, con un plan estrat\u00e9gico. Hay una demanda de alimentos que ir\u00e1 subiendo por el incremento de la poblaci\u00f3n mundial, hay p\u00e9rdida de productores en el agro negocio y hay multinacionales muy potentes que est\u00e1n en todo el mundo&#8221;. Por eso, el gremialista sostuvo que Uruguay &#8220;tiene que contar con empresas cooperativas que puedan competir con esos agentes de gran porte, para poder insertarse en las cadenas de valor y capturar valor, para luego trasladarlo a sus socios. Capturar valor se puede hacer si se tiene toda la cadena, como es el caso de Conaprole o Central Lanera Uruguaya, en el caso de la peinadur\u00eda&#8221;, agreg\u00f3 el gremialista.<\/p>\n<p>Otro de los temas que estuvo sobre la mesa en el encuentro fue la competitividad. &#8220;Remarcamos la importancia de que un pa\u00eds chico como Uruguay deber\u00eda generar, no s\u00f3lo ventajas comparativas sino competitivas para poder trepar en la escalera de valor&#8221;, remarc\u00f3.<\/p>\n<p>Vago reconoci\u00f3 que Uruguay tiene problemas de competitividad, &#8220;no es un problema de este gobierno, es un problema estructural del Uruguay. Lo vamos viviendo por ciclos, lo vivimos en 1982, 2002 y ahora tenemos un tipo de cambio real que est\u00e1 30% por debajo de nuestros vecinos y\/o competidores. Ese es un problema que tenemos que resolverlo. Hay que conversarlo, discutirlo y consensuarlo&#8221;. Desde el gobierno se coincidi\u00f3 con CAF en que hoy el Uruguay &#8220;debe usar toda la bater\u00eda de medidas y agregar m\u00e1s innovaci\u00f3n y mejor gesti\u00f3n para ganar mayor competitividad&#8221;.<\/p>\n","protected":false},"excerpt":{"rendered":"<p>El Pa\u00eds &#8211; 20 de mayo, 2015.<br \/>\nLejos de plantearle temas de agenda al presidente Tabar\u00e9 V\u00e1zquez, Cooperativas Agrarias Federadas (CAF) le reiter\u00f3 al mandatario la importancia del sector agropecuario y la necesidad de contar con un movimiento cooperativo agropecuario consolidado que agregue valor a los productos de exportaci\u00f3n.<\/p>\n","protected":false},"author":1,"featured_media":0,"comment_status":"closed","ping_status":"Open","sticky":false,"template":"","format":"standard","meta":{"_acf_changed":false,"ngg_post_thumbnail":0,"footnotes":""},"categories":[6],"tags":[],"class_list":["post-1378","post","type-post","status-publish","format-standard","hentry","category-institucionales"],"acf":[],"_links":{"self":[{"href":"http:\/\/www.cudecoop.coop\/cudecoop\/wp-json\/wp\/v2\/posts\/1378","targetHints":{"allow":["GET"]}}],"collection":[{"href":"http:\/\/www.cudecoop.coop\/cudecoop\/wp-json\/wp\/v2\/posts"}],"about":[{"href":"http:\/\/www.cudecoop.coop\/cudecoop\/wp-json\/wp\/v2\/types\/post"}],"author":[{"embeddable":true,"href":"http:\/\/www.cudecoop.coop\/cudecoop\/wp-json\/wp\/v2\/users\/1"}],"replies":[{"embeddable":true,"href":"http:\/\/www.cudecoop.coop\/cudecoop\/wp-json\/wp\/v2\/comments?post=1378"}],"version-history":[{"count":0,"href":"http:\/\/www.cudecoop.coop\/cudecoop\/wp-json\/wp\/v2\/posts\/1378\/revisions"}],"wp:attachment":[{"href":"http:\/\/www.cudecoop.coop\/cudecoop\/wp-json\/wp\/v2\/media?parent=1378"}],"wp:term":[{"taxonomy":"category","embeddable":true,"href":"http:\/\/www.cudecoop.coop\/cudecoop\/wp-json\/wp\/v2\/categories?post=1378"},{"taxonomy":"post_tag","embeddable":true,"href":"http:\/\/www.cudecoop.coop\/cudecoop\/wp-json\/wp\/v2\/tags?post=1378"}],"curies":[{"name":"wp","href":"https:\/\/api.w.org\/{rel}","templated":true}]}}