{"id":1377,"date":"2015-05-20T12:59:00","date_gmt":"2015-05-20T12:59:00","guid":{"rendered":"http:\/\/www.cudecoop.coop\/cudecoop\/?p=1377"},"modified":"2015-05-20T12:59:00","modified_gmt":"2015-05-20T12:59:00","slug":"uno-mas-para-atender","status":"publish","type":"post","link":"http:\/\/www.cudecoop.coop\/cudecoop\/uno-mas-para-atender\/","title":{"rendered":"Uno m\u00e1s para atender"},"content":{"rendered":"<p>La Diaria &#8211; 20 de mayo, 2015.<br \/>\nHubo acuerdo por Fondes, pero ahora PIT-CNT y diputados del FA critican proyecto de Sistema Nacional de Competitividad.<\/p>\n<p>Continuando con el tratamiento de los proyectos de ley de institucionalizaci\u00f3n del Fondo para el Desarrollo (Fondes) y del Sistema Nacional de Competitividad (SNC), la Comisi\u00f3n de Hacienda de Diputados recibir\u00e1 hoy a las 10.00 al titular del Ministerio de Trabajo y Seguridad Social (MTSS), Ernesto Murro, y al director de la Oficina de Planeamiento y Presupuesto (OPP), \u00c1lvaro Garc\u00eda, y sobre el mediod\u00eda a una delegaci\u00f3n del PIT-CNT.<\/p>\n<p>Como fue anunciado en conferencia de prensa la semana pasada, la bancada del Frente Amplio (FA) y el Poder Ejecutivo alcanzaron un acuerdo sobre el Fondes que modifica significativamente el proyecto remitido al Parlamento con la firma del presidente Tabar\u00e9 V\u00e1zquez. Seg\u00fan el borrador del acuerdo, el Fondes tendr\u00e1 dos particiones, una administrada por el Instituto Nacional del Cooperativismo (Inacoop) y otra por la Agencia Nacional de Desarrollo Econ\u00f3mico (ANDE). El Fondes Inacoop tendr\u00e1 como cometido apoyar la econom\u00eda social y solidaria, desarrollar el sector cooperativo y promover \u009dla creaci\u00f3n, desarrollo y consolidaci\u00f3n de emprendimientos productivos con la participaci\u00f3n de sus trabajadores en la direcci\u00f3n y en el capital de la empresa, en particular, los emprendimientos autogestionarios\u009d. La administraci\u00f3n de esta partici\u00f3n ser\u00e1 ejercida por una junta directiva de Inacoop, integrada por los tres delegados del Poder Ejecutivo que conforman la direcci\u00f3n del instituto y resuelven sobre los dem\u00e1s cometidos, pero se agregan un representante del sector cooperativo, a propuesta de la Confederaci\u00f3n Uruguaya de Entidades Cooperativas, y otro de los trabajadores autogestionados a propuesta del PIT-CNT, en acuerdo con la Asociaci\u00f3n Nacional de Empresas Recuperadas por los Trabajadores (ANERT). Estos delegados durar\u00e1n dos a\u00f1os en sus cargos, pudiendo ser reelectos por dos per\u00edodos m\u00e1s.<\/p>\n<p>El Fondes ANDE est\u00e1 destinado a apoyar el desarrollo de las micro, peque\u00f1as y medianas empresas, y su administraci\u00f3n estar\u00e1 a cargo del directorio de la ANDE. Cada una de estas particiones recibir\u00e1 50% de las contribuciones con destino al Fondes. A ra\u00edz de este acuerdo, la bancada del FA se propone aprobar el proyecto en la primera semana de junio. El diputado del Partido Socialista Gonzalo Civila dijo que a ra\u00edz de este acuerdo se est\u00e1 en condiciones de comenzar a modificar el articulado del proyecto, para aprobarlo definitivamente en la primera sesi\u00f3n de junio.<br \/>\nSin embargo, a\u00fan resta avanzar sobre el SNC, proyecto que los legisladores se comprometieron a tratar en conjunto con el del Fondes, porque las dos iniciativas \u009dest\u00e1n asociadas\u009d. Ayer, la bancada oficialista de diputados recibi\u00f3 a Garc\u00eda y a \u00c1lvaro Ons, quien presidir\u00e1 la Secretar\u00eda del SNC, para que presentaran el proyecto, y tambi\u00e9n a una delegaci\u00f3n del PIT-CNT encabezada por el coordinador Marcelo Abdala, Ismael Fuentes y el director del Instituto Cuesta Duarte, Milton Castellano, para conocer la opini\u00f3n de la central de trabajadores.<\/p>\n<p>Reduccionista<br \/>\nCivila explic\u00f3 que reci\u00e9n se est\u00e1 iniciando la discusi\u00f3n, y que en principio hay un planteo \u009dm\u00e1s de fondo\u009d que es \u009dla necesidad de que un sistema coordinador de pol\u00edticas productivas tenga una visi\u00f3n m\u00e1s abarcativa que la propia idea de la competitividad, que est\u00e9 m\u00e1s en direcci\u00f3n a un sistema nacional de desarrollo\u009d. Civila agreg\u00f3 que \u009dhay cosas para afinar\u009d y mencion\u00f3 \u009dla importancia de la participaci\u00f3n social y la relaci\u00f3n con la Universidad de la Rep\u00fablica\u009d.<br \/>\nPor su parte, la diputada Lili\u00e1n Gal\u00e1n (Movimiento de Participaci\u00f3n Popular) tambi\u00e9n cuestion\u00f3 \u009del enfoque reduccionista\u009d que deriva del \u009dtema de la competitividad\u009d y dijo que el proyecto \u009dpuede ser un sistema nacional de desarrollo\u009d que abarque \u009daspectos mucho m\u00e1s amplios que la competitividad sola\u009d. Tambi\u00e9n cuestion\u00f3 que se proponga \u009dun sistema totalmente centralizado\u009d en el Poder Ejecutivo y en una Secretar\u00eda de la OPP, que crear\u00eda \u009duna institucionalidad diferente\u009d con \u009dla concentraci\u00f3n de institutos y agencias\u009d.<\/p>\n<p>\u009dEsas agencias tienen una rendici\u00f3n de cuentas m\u00e1s bien de gesti\u00f3n y balance contable, pero no hay una rendici\u00f3n de cuentas frente al Parlamento de los objetivos pol\u00edticos. Adem\u00e1s de falta de transparencia, se est\u00e1 cercenando la democracia representativa y tambi\u00e9n la democracia participativa, porque esas agencias no estar\u00e1n integradas con representantes sociales\u009d, agreg\u00f3. Otro problema que tiene el texto es que no queda claro \u009dc\u00f3mo se selecciona a los directores de esas agencias\u009d. Se\u00f1al\u00f3 que se pretende \u009dhacer un sistema m\u00e1s ejecutivo y eficiente\u009d, pero que en lo que se propone \u009dhay un poco de caos institucional y de conflicto\u009d ya que cabe hacer la consulta sobre \u009dsi es posible que estas agencias est\u00e9n por encima de un gabinete ministerial\u009d, manifest\u00f3 Gal\u00e1n.<\/p>\n<p>La diputada de la lista 711 Stella Viel expres\u00f3 que si bien su sector a\u00fan no ha tomado posici\u00f3n sobre el tema, existen \u009dalgunas desprolijidades\u009d y \u009dcosas para ajustar\u009d. La legisladora sostuvo que se va a recorrer el mismo camino por el que se lleg\u00f3 a un acuerdo sobre el Fondes: con un trabajo conjunto del Poder Ejecutivo y la bancada del FA, y \u009dconsultando a todos los actores involucrados\u009d. \u009dCon el Fondes se lleg\u00f3 a un final feliz y la idea es que pase lo mismo con el SNC, y despu\u00e9s pasaremos al Sistema Nacional de Cuidados\u009d, concluy\u00f3.<\/p>\n<p>El PIT-CNT opin\u00f3 que \u009dno es de recibo que se rebajen las representaciones sociales\u009d en la Agencia Nacional de Investigaci\u00f3n e Innovaci\u00f3n, en la que se elimina la representaci\u00f3n de los investigadores, o en el Instituto de Empleo y Formaci\u00f3n Profesional, dijo Fuentes. El dirigente cuestion\u00f3 tambi\u00e9n que \u009dno aparece en ning\u00fan lado la financiaci\u00f3n y la posibilidad de realizar subsidios para los sectores que habr\u00eda que privilegiar\u009d y que se habla de \u009dcompetitividad\u009d pero \u009dpoco de desarrollo\u009d, y el pa\u00eds \u009ddebe hacer un esfuerzo muy importante en el tema del desarrollo\u009d.<\/p>\n<p>Luis R\u00f3mboli \/\/ La Diaria<\/p>\n","protected":false},"excerpt":{"rendered":"<p>La Diaria &#8211; 20 de mayo, 2015.<br \/>\nHubo acuerdo por Fondes, pero ahora PIT-CNT y diputados del FA critican proyecto de Sistema Nacional de Competitividad.<\/p>\n","protected":false},"author":1,"featured_media":0,"comment_status":"closed","ping_status":"Open","sticky":false,"template":"","format":"standard","meta":{"_acf_changed":false,"ngg_post_thumbnail":0,"footnotes":""},"categories":[6],"tags":[],"class_list":["post-1377","post","type-post","status-publish","format-standard","hentry","category-institucionales"],"acf":[],"_links":{"self":[{"href":"http:\/\/www.cudecoop.coop\/cudecoop\/wp-json\/wp\/v2\/posts\/1377","targetHints":{"allow":["GET"]}}],"collection":[{"href":"http:\/\/www.cudecoop.coop\/cudecoop\/wp-json\/wp\/v2\/posts"}],"about":[{"href":"http:\/\/www.cudecoop.coop\/cudecoop\/wp-json\/wp\/v2\/types\/post"}],"author":[{"embeddable":true,"href":"http:\/\/www.cudecoop.coop\/cudecoop\/wp-json\/wp\/v2\/users\/1"}],"replies":[{"embeddable":true,"href":"http:\/\/www.cudecoop.coop\/cudecoop\/wp-json\/wp\/v2\/comments?post=1377"}],"version-history":[{"count":0,"href":"http:\/\/www.cudecoop.coop\/cudecoop\/wp-json\/wp\/v2\/posts\/1377\/revisions"}],"wp:attachment":[{"href":"http:\/\/www.cudecoop.coop\/cudecoop\/wp-json\/wp\/v2\/media?parent=1377"}],"wp:term":[{"taxonomy":"category","embeddable":true,"href":"http:\/\/www.cudecoop.coop\/cudecoop\/wp-json\/wp\/v2\/categories?post=1377"},{"taxonomy":"post_tag","embeddable":true,"href":"http:\/\/www.cudecoop.coop\/cudecoop\/wp-json\/wp\/v2\/tags?post=1377"}],"curies":[{"name":"wp","href":"https:\/\/api.w.org\/{rel}","templated":true}]}}